{"id":18196,"date":"2019-07-05T12:40:08","date_gmt":"2019-07-05T15:40:08","guid":{"rendered":"https:\/\/www.delioandrade.com.br\/?p=18196"},"modified":"2019-07-05T12:40:08","modified_gmt":"2019-07-05T15:40:08","slug":"vivendo-de-brisa-uma-comedia-musical-circula-pelo-distrito-federal","status":"publish","type":"post","link":"https:\/\/www.p31noticias.com.br\/?p=18196","title":{"rendered":"Vivendo de brisa, uma com\u00e9dia musical circula pelo Distrito Federal"},"content":{"rendered":"<p style=\"font-weight: 400;\">Ap\u00f3s estreia com casa lotada nos CCBB Bras\u00edlia, o espet\u00e1culo\u00a0<strong><em>Vivendo de brisa, uma com\u00e9dia musical<\/em>,<\/strong>\u00a0com concep\u00e7\u00e3o, texto e can\u00e7\u00f5es de Fernando Marques, dire\u00e7\u00e3o de Andr\u00e9 Amaro e dire\u00e7\u00e3o musical de Jos\u00e9 Cabrera, tem sess\u00f5es com entrada franca no Complexo Cultural de Samambaia (6\/7) e no SESC Gama (10\/7), ambos \u00e0s 20h.<\/p>\n<p style=\"font-weight: 400;\">\n<p style=\"font-weight: 400;\">O musical \u2013 que conta com patroc\u00ednio do Fundo de Apoio \u00e0 Cultural do Distrito Federal (FAC\/DF) &#8211; apresenta, em treze can\u00e7\u00f5es, a trajet\u00f3ria de um compositor de origem humilde que busca se lan\u00e7ar como artista profissional e ascender socialmente no Rio de Janeiro. As m\u00fasicas passeiam pelos mais diversos estilos: samba-can\u00e7\u00e3o, samba sincopado, foxe, frevo, bai\u00e3o e bossa.<\/p>\n<p style=\"font-weight: 400;\">\n<p style=\"font-weight: 400;\">No plano sentimental, o bo\u00eamio Geraldo de Matos se v\u00ea dividido entre duas paix\u00f5es: a c\u00e2ndida Jandira e a independente Sueli. A trama inspira-se na vida de compositores como Wilson Baptista (1913-1968) e Geraldo Pereira (1918-1955) mas n\u00e3o \u00e9 biogr\u00e1fica.<\/p>\n<p style=\"font-weight: 400;\">\n<p style=\"font-weight: 400;\">O enredo se desenrola na capital carioca, entre o final dos anos 1930 e meados dos anos 1940, fase em que o r\u00e1dio se consolida como principal ve\u00edculo na difus\u00e3o da m\u00fasica popular. As com\u00e9dias musicais nos palcos da Pra\u00e7a Tiradentes, no entanto, continuam a atrair o p\u00fablico.<\/p>\n<p style=\"font-weight: 400;\">\n<p style=\"font-weight: 400;\">Os epis\u00f3dios reais foram apenas refer\u00eancias para a cria\u00e7\u00e3o da trama. \u201cO fluminense Wilson Baptista e o mineiro Geraldo Pereira criaram can\u00e7\u00f5es que ainda hoje se escutam com prazer\u201d, comenta Fernando Marques, autor dos textos e can\u00e7\u00f5es do espet\u00e1culo.<\/p>\n<p style=\"font-weight: 400;\">\n<p style=\"font-weight: 400;\"><em>Vivendo de brisa<\/em>\u00a0colabora na constru\u00e7\u00e3o do musical brasileiro, com artistas e repert\u00f3rio brasilienses.\u00a0\u201cAs conven\u00e7\u00f5es do musical t\u00eam sido reinventadas a cada gera\u00e7\u00e3o, ou a cada fase em que o\u00a0 g\u00eanero reconquista\u00a0 o\u00a0 interesse\u00a0 do\u00a0 p\u00fablico. Praticar\u00a0 o\u00a0 espet\u00e1culo de\u00a0teatro musical\u00a0 ligando-o\u00a0 ao\u00a0 que\u00a0 fizeram\u00a0 outras\u00a0 gera\u00e7\u00f5es foi o que me moveu na cria\u00e7\u00e3o da pe\u00e7a\u201d, explica Marques.<\/p>\n<p style=\"font-weight: 400;\">\n<p style=\"font-weight: 400;\"><strong>\u00a0<\/strong><\/p>\n<p style=\"font-weight: 400;\"><strong>Sobre o autor<\/strong><\/p>\n<p style=\"font-weight: 400;\"><strong>FERNANDO MARQUES<\/strong><\/p>\n<p style=\"font-weight: 400;\">Jos\u00e9 Fernando Marques de Freitas Filho \u00e9 professor do Departamento de Artes C\u00eanicas da UnB, jornalista, escritor e compositor. Publicou, entre outros, os livros\u00a0<em>\u00daltimos: com\u00e9dia musical em dois atos<\/em>\u00a0(livro-CD);\u00a0<em>Contos canhotos<\/em>;\u00a0<em>Z\u00e9: pe\u00e7a em um ato<\/em>;\u00a0<em>Com os s\u00e9culos nos olhos: teatro musical e pol\u00edtico no Brasil dos anos 1960 e 1970<\/em>; e\u00a0<em>A prov\u00edncia dos diamantes: ensaios sobre teatro<\/em>. Autor da com\u00e9dia\u00a0<em>A quatro<\/em>, encenada em Bras\u00edlia, e das can\u00e7\u00f5es do CD\u00a0<em>De cor<\/em>, da cantora Wilzy Carioca.\u00a0Colabora\u00e7\u00f5es em jornais como\u00a0<em>Correio Braziliense<\/em>\u00a0e\u00a0<em>Folha de S.Paulo<\/em>, revistas como\u00a0<em>Folhetim<\/em>\u00a0e sites como\u00a0<em>Teatrojornal<\/em>.<\/p>\n<p style=\"font-weight: 400;\">\n<p style=\"font-weight: 400;\"><strong>Sobre o diretor<\/strong><\/p>\n<p style=\"font-weight: 400;\"><strong>ANDR\u00c9 AMARO\u00a0<\/strong><\/p>\n<p style=\"font-weight: 400;\">Ator e diretor formado pela Funda\u00e7\u00e3o Brasileira de Teatro, onde estudou com a atriz Dulcina de Moraes, e Mestre em Arte pela UnB, Andr\u00e9 Amaro dedica-se \u00e0 atividade teatral h\u00e1 mais tr\u00eas d\u00e9cadas, com passagens pelo Theatre du Soleil (Fran\u00e7a), Odin Teatret (Dinamarca) e Teatro Tribue\u00f1e (Espanha). Nesse per\u00edodo, interpretou, dirigiu e produziu dezenas de pe\u00e7as teatrais; escreveu textos de g\u00eaneros diversos; elaborou e executou projetos de cenografia, figurino e ilumina\u00e7\u00e3o; lecionou em escolas de artes c\u00eanicas; integrou elencos de curtas e longas-metragens e participou de festivais e eventos nacionais e internacionais de teatro, com v\u00e1rios pr\u00eamios recebidos. \u00c9 criador do Teatro Caleidosc\u00f3pio, projeto de pesquisa da linguagem teatral com metodologia e pedagogia singular e diferenciada. Cineasta, fot\u00f3grafo e poeta, foi tamb\u00e9m um dos criadores e o primeiro coordenador do Bacharelado em Artes C\u00eanicas do Centro Universit\u00e1rio Iesb.<a href=\"http:\/\/www.andreamaro.com.br\/\" data-saferedirecturl=\"https:\/\/www.google.com\/url?q=http:\/\/www.andreamaro.com.br\/&amp;source=gmail&amp;ust=1562424084884000&amp;usg=AFQjCNF9_UL1Bo3uO0DQcdMwwSPnHk_xag\">www.andreamaro.com.br<\/a><\/p>\n<p style=\"font-weight: 400;\">\n<p style=\"font-weight: 400;\">\n<p style=\"font-weight: 400;\">FICHA T\u00c9CNICA<\/p>\n<p style=\"font-weight: 400;\">\n<p style=\"font-weight: 400;\">Texto e can\u00e7\u00f5es\u00a0\u2013\u00a0Fernando Marques<\/p>\n<p style=\"font-weight: 400;\">Dire\u00e7\u00e3o geral\u00a0\u2013\u00a0Andr\u00e9 Amaro<\/p>\n<p style=\"font-weight: 400;\">Assistente de dire\u00e7\u00e3o \u2013 \u00c9lia Cavalcante<\/p>\n<p style=\"font-weight: 400;\">Prepara\u00e7\u00e3o vocal\u00a0\u2013\u00a0Janette Dornellas<\/p>\n<p style=\"font-weight: 400;\">Dire\u00e7\u00e3o musical e arranjos\u00a0\u2013\u00a0Jos\u00e9 Cabrera<\/p>\n<p style=\"font-weight: 400;\">Cenografia e figurino\u00a0\u2013\u00a0Maria Carmen de Souza<\/p>\n<p style=\"font-weight: 400;\">Desenho de luz \u2013 Andr\u00e9 Amaro<\/p>\n<p style=\"font-weight: 400;\">Assessoria de imprensa\u00a0\u2013\u00a0Tato Comunica\u00e7\u00e3o<\/p>\n<p style=\"font-weight: 400;\">Fotografias \u2013 Victor Mendon\u00e7a<\/p>\n<p style=\"font-weight: 400;\">Arte gr\u00e1fica \u2013 Cac\u00e1 Soares<\/p>\n<p style=\"font-weight: 400;\">Sonoriza\u00e7\u00e3o e montagem de luz\u00a0\u2013\u00a0AUDIOVIC LTDA<\/p>\n<p style=\"font-weight: 400;\">Produ\u00e7\u00e3o executiva\u00a0\u2013\u00a0George Durand \/ Durand Est\u00fadio\u00a0&#8211;\u00a0Produ\u00e7\u00e3o &amp; M\u00fasica LTDA<\/p>\n<p style=\"font-weight: 400;\">\n<p style=\"font-weight: 400;\">ELENCO<\/p>\n<p style=\"font-weight: 400;\">Roger\u00a0Vieira\u00a0\u2013 Geraldo de Matos<\/p>\n<p style=\"font-weight: 400;\">Edu\u00a0Moraes\u00a0\u2013 Moreira<\/p>\n<p style=\"font-weight: 400;\">Makena \u2013 Sueli<\/p>\n<p style=\"font-weight: 400;\">Vanessa Di Farias \u2013 Jandira<\/p>\n<p style=\"font-weight: 400;\">Adeilton Lima \u2013 Apresentador e Robertinho<\/p>\n<p style=\"font-weight: 400;\">\u00c9lia Cavalcante \u2013 Mulher<\/p>\n<p style=\"font-weight: 400;\">Andr\u00e9 Reis \u2013 Jeremias<\/p>\n<p style=\"font-weight: 400;\">Matheus Trindade \u2013 Geraldo de Matos menino<\/p>\n<p style=\"font-weight: 400;\">Rafael Soul \u2013 Badu<\/p>\n<p style=\"font-weight: 400;\">Lino Ribeiro \u2013 Pai de Jandira<\/p>\n<p style=\"font-weight: 400;\">\n<p style=\"font-weight: 400;\">M\u00daSICOS<\/p>\n<p style=\"font-weight: 400;\">Jos\u00e9 Cabrera\u00a0\u2013\u00a0Piano<\/p>\n<p style=\"font-weight: 400;\">Carlos C\u00e1rdenas\u00a0\u2013\u00a0Saxofones tenor, alto e soprano<\/p>\n<p style=\"font-weight: 400;\">Paulo Dantas\u00a0\u2013\u00a0Contrabaixo<\/p>\n<p style=\"font-weight: 400;\">Amaro Vaz\u00a0\u2013\u00a0Bateria<\/p>\n<p style=\"font-weight: 400;\">\n<p style=\"font-weight: 400;\">\n<table style=\"font-weight: 400;\" width=\"581\">\n<tbody>\n<tr>\n<td width=\"581\"><strong><u>Servi\u00e7o:<\/u><\/strong><\/p>\n<p><strong>\u00a0\u201c<\/strong><strong><em>VIVENDO DE BRISA, UMA COM\u00c9DIA MUSICAL<\/em><\/strong><strong>\u201d<\/strong><\/p>\n<p>Complexo Cultural Samambaia &#8211; Cine Teatro Ver\u00f4nica Moreno<\/p>\n<p>S\u00e1bado, 6 de julho, \u00e0s 20h<\/p>\n<p>Local: Quadra 301, conjunto 05 &#8211; Centro Urbano<\/p>\n<p>Entrada franca<\/p>\n<p>&nbsp;<\/p>\n<p>SESC Gama<\/p>\n<p>Teatro SESC Paulo Gracindo<\/p>\n<p>Quarta, 10 de julho, \u00e0s 20h<\/p>\n<p>Local: Setor Leste Industrial, Lotes 620 a 680,\u00a0SIND QI 1<\/p>\n<p>Entrada franca<\/p>\n<p><strong>\u00a0<\/strong><\/p>\n<p>Dura\u00e7\u00e3o do espet\u00e1culo \u2013 120 minutos<\/p>\n<p>CI \u2013 16 anos<\/p>\n<p>&nbsp;<\/p>\n<p><strong>\u00a0Informa\u00e7\u00f5es para imprensa<\/strong><\/p>\n<p><strong>Assessoria de Imprensa<br \/>\n<\/strong>Tato Comunica\u00e7\u00e3o<\/p>\n<p>(61) 3263.8916 \/ 3263.5597<\/p>\n<p>Jaque Dias \u2013\u00a0<a href=\"mailto:jaque.tato@gmail.com\">jaque.tato@gmail.com<\/a><\/p>\n<p>(61) 9 988.9618<\/p>\n<p>Daniel Fernandes \u2013\u00a0<a href=\"mailto:danielfernandes.tato@gmail.com\">danielfernandes.tato@gmail.com<\/a><\/p>\n<p>(61) 9 8350-2500<\/td>\n<\/tr>\n<\/tbody>\n<\/table>\n<p>&nbsp;<\/p>\n","protected":false},"excerpt":{"rendered":"<p>Ap\u00f3s estreia com casa lotada nos CCBB Bras\u00edlia, o espet\u00e1culo\u00a0Vivendo de brisa, uma com\u00e9dia musical,\u00a0com concep\u00e7\u00e3o, texto e can\u00e7\u00f5es de Fernando Marques, dire\u00e7\u00e3o de Andr\u00e9 Amaro e dire\u00e7\u00e3o musical de Jos\u00e9 Cabrera, tem sess\u00f5es com entrada franca no Complexo Cultural de Samambaia (6\/7) e no SESC Gama (10\/7), ambos \u00e0s 20h. O musical \u2013 que [&hellip;]<\/p>\n","protected":false},"author":18,"featured_media":18197,"comment_status":"open","ping_status":"open","sticky":false,"template":"","format":"standard","meta":{"footnotes":""},"categories":[1],"tags":[],"class_list":{"0":"post-18196","1":"post","2":"type-post","3":"status-publish","4":"format-standard","5":"has-post-thumbnail","7":"category-outros"},"yoast_head":"<!-- This site is optimized with the Yoast SEO Premium plugin v24.5 (Yoast SEO v27.5) - https:\/\/yoast.com\/product\/yoast-seo-premium-wordpress\/ -->\n<title>Vivendo de brisa, uma com\u00e9dia musical circula pelo Distrito Federal - P31<\/title>\n<meta name=\"robots\" content=\"index, follow, max-snippet:-1, max-image-preview:large, max-video-preview:-1\" \/>\n<link rel=\"canonical\" href=\"https:\/\/www.p31noticias.com.br\/?p=18196\" \/>\n<meta property=\"og:locale\" content=\"pt_BR\" \/>\n<meta property=\"og:type\" content=\"article\" \/>\n<meta property=\"og:title\" content=\"Vivendo de brisa, uma com\u00e9dia musical circula pelo Distrito Federal\" \/>\n<meta property=\"og:description\" content=\"Ap\u00f3s estreia com casa lotada nos CCBB Bras\u00edlia, o espet\u00e1culo\u00a0Vivendo de brisa, uma com\u00e9dia musical,\u00a0com concep\u00e7\u00e3o, texto e can\u00e7\u00f5es de Fernando Marques, dire\u00e7\u00e3o de Andr\u00e9 Amaro e dire\u00e7\u00e3o musical de Jos\u00e9 Cabrera, tem sess\u00f5es com entrada franca no Complexo Cultural de Samambaia (6\/7) e no SESC Gama (10\/7), ambos \u00e0s 20h. O musical \u2013 que [&hellip;]\" \/>\n<meta property=\"og:url\" content=\"https:\/\/www.p31noticias.com.br\/?p=18196\" \/>\n<meta property=\"og:site_name\" content=\"P31\" \/>\n<meta property=\"article:published_time\" content=\"2019-07-05T15:40:08+00:00\" \/>\n<meta property=\"og:image\" content=\"https:\/\/www.p31noticias.com.br\/wp-content\/uploads\/2019\/07\/Teatro-183.jpg\" \/>\n\t<meta property=\"og:image:width\" content=\"1667\" \/>\n\t<meta property=\"og:image:height\" content=\"2500\" \/>\n\t<meta property=\"og:image:type\" content=\"image\/jpeg\" \/>\n<meta name=\"author\" content=\"Reda\u00e7\u00e3o JBN\" \/>\n<meta name=\"twitter:card\" content=\"summary_large_image\" \/>\n<meta name=\"twitter:label1\" content=\"Escrito por\" \/>\n\t<meta name=\"twitter:data1\" content=\"Reda\u00e7\u00e3o JBN\" \/>\n\t<meta name=\"twitter:label2\" content=\"Est. tempo de leitura\" \/>\n\t<meta name=\"twitter:data2\" content=\"4 minutos\" \/>\n<script type=\"application\/ld+json\" class=\"yoast-schema-graph\">{\"@context\":\"https:\\\/\\\/schema.org\",\"@graph\":[{\"@type\":\"Article\",\"@id\":\"https:\\\/\\\/www.p31noticias.com.br\\\/?p=18196#article\",\"isPartOf\":{\"@id\":\"https:\\\/\\\/www.p31noticias.com.br\\\/?p=18196\"},\"author\":{\"name\":\"Reda\u00e7\u00e3o JBN\",\"@id\":\"https:\\\/\\\/www.p31noticias.com.br\\\/#\\\/schema\\\/person\\\/77d6b186c710ac38937c6ec204fdd387\"},\"headline\":\"Vivendo de brisa, uma com\u00e9dia musical circula pelo Distrito Federal\",\"datePublished\":\"2019-07-05T15:40:08+00:00\",\"mainEntityOfPage\":{\"@id\":\"https:\\\/\\\/www.p31noticias.com.br\\\/?p=18196\"},\"wordCount\":850,\"commentCount\":0,\"image\":{\"@id\":\"https:\\\/\\\/www.p31noticias.com.br\\\/?p=18196#primaryimage\"},\"thumbnailUrl\":\"https:\\\/\\\/www.p31noticias.com.br\\\/wp-content\\\/uploads\\\/2019\\\/07\\\/Teatro-183.jpg\",\"articleSection\":[\"Outros\"],\"inLanguage\":\"pt-BR\",\"potentialAction\":[{\"@type\":\"CommentAction\",\"name\":\"Comment\",\"target\":[\"https:\\\/\\\/www.p31noticias.com.br\\\/?p=18196#respond\"]}],\"copyrightYear\":\"2019\",\"copyrightHolder\":{\"@id\":\"https:\\\/\\\/www.p31noticias.com.br\\\/#organization\"}},{\"@type\":\"WebPage\",\"@id\":\"https:\\\/\\\/www.p31noticias.com.br\\\/?p=18196\",\"url\":\"https:\\\/\\\/www.p31noticias.com.br\\\/?p=18196\",\"name\":\"Vivendo de brisa, uma com\u00e9dia musical circula pelo Distrito Federal - P31\",\"isPartOf\":{\"@id\":\"https:\\\/\\\/www.p31noticias.com.br\\\/#website\"},\"primaryImageOfPage\":{\"@id\":\"https:\\\/\\\/www.p31noticias.com.br\\\/?p=18196#primaryimage\"},\"image\":{\"@id\":\"https:\\\/\\\/www.p31noticias.com.br\\\/?p=18196#primaryimage\"},\"thumbnailUrl\":\"https:\\\/\\\/www.p31noticias.com.br\\\/wp-content\\\/uploads\\\/2019\\\/07\\\/Teatro-183.jpg\",\"datePublished\":\"2019-07-05T15:40:08+00:00\",\"author\":{\"@id\":\"https:\\\/\\\/www.p31noticias.com.br\\\/#\\\/schema\\\/person\\\/77d6b186c710ac38937c6ec204fdd387\"},\"breadcrumb\":{\"@id\":\"https:\\\/\\\/www.p31noticias.com.br\\\/?p=18196#breadcrumb\"},\"inLanguage\":\"pt-BR\",\"potentialAction\":[{\"@type\":\"ReadAction\",\"target\":[\"https:\\\/\\\/www.p31noticias.com.br\\\/?p=18196\"]}]},{\"@type\":\"ImageObject\",\"inLanguage\":\"pt-BR\",\"@id\":\"https:\\\/\\\/www.p31noticias.com.br\\\/?p=18196#primaryimage\",\"url\":\"https:\\\/\\\/www.p31noticias.com.br\\\/wp-content\\\/uploads\\\/2019\\\/07\\\/Teatro-183.jpg\",\"contentUrl\":\"https:\\\/\\\/www.p31noticias.com.br\\\/wp-content\\\/uploads\\\/2019\\\/07\\\/Teatro-183.jpg\",\"width\":1667,\"height\":2500},{\"@type\":\"BreadcrumbList\",\"@id\":\"https:\\\/\\\/www.p31noticias.com.br\\\/?p=18196#breadcrumb\",\"itemListElement\":[{\"@type\":\"ListItem\",\"position\":1,\"name\":\"In\u00edcio\",\"item\":\"https:\\\/\\\/www.p31noticias.com.br\\\/\"},{\"@type\":\"ListItem\",\"position\":2,\"name\":\"Vivendo de brisa, uma com\u00e9dia musical circula pelo Distrito Federal\"}]},{\"@type\":\"WebSite\",\"@id\":\"https:\\\/\\\/www.p31noticias.com.br\\\/#website\",\"url\":\"https:\\\/\\\/www.p31noticias.com.br\\\/\",\"name\":\"P31\",\"description\":\"NOT\u00cdCIAS\",\"potentialAction\":[{\"@type\":\"SearchAction\",\"target\":{\"@type\":\"EntryPoint\",\"urlTemplate\":\"https:\\\/\\\/www.p31noticias.com.br\\\/?s={search_term_string}\"},\"query-input\":{\"@type\":\"PropertyValueSpecification\",\"valueRequired\":true,\"valueName\":\"search_term_string\"}}],\"inLanguage\":\"pt-BR\"},{\"@type\":\"Person\",\"@id\":\"https:\\\/\\\/www.p31noticias.com.br\\\/#\\\/schema\\\/person\\\/77d6b186c710ac38937c6ec204fdd387\",\"name\":\"Reda\u00e7\u00e3o JBN\",\"image\":{\"@type\":\"ImageObject\",\"inLanguage\":\"pt-BR\",\"@id\":\"https:\\\/\\\/secure.gravatar.com\\\/avatar\\\/10fcdb93211f98cce3d64c0795b0915a9a4a21dc0f279238995a3dbfafcad090?s=96&d=mm&r=g\",\"url\":\"https:\\\/\\\/secure.gravatar.com\\\/avatar\\\/10fcdb93211f98cce3d64c0795b0915a9a4a21dc0f279238995a3dbfafcad090?s=96&d=mm&r=g\",\"contentUrl\":\"https:\\\/\\\/secure.gravatar.com\\\/avatar\\\/10fcdb93211f98cce3d64c0795b0915a9a4a21dc0f279238995a3dbfafcad090?s=96&d=mm&r=g\",\"caption\":\"Reda\u00e7\u00e3o JBN\"},\"sameAs\":[\"https:\\\/\\\/p31noticias.com.br\"],\"url\":\"https:\\\/\\\/www.p31noticias.com.br\\\/?author=18\"}]}<\/script>\n<!-- \/ Yoast SEO Premium plugin. -->","yoast_head_json":{"title":"Vivendo de brisa, uma com\u00e9dia musical circula pelo Distrito Federal - P31","robots":{"index":"index","follow":"follow","max-snippet":"max-snippet:-1","max-image-preview":"max-image-preview:large","max-video-preview":"max-video-preview:-1"},"canonical":"https:\/\/www.p31noticias.com.br\/?p=18196","og_locale":"pt_BR","og_type":"article","og_title":"Vivendo de brisa, uma com\u00e9dia musical circula pelo Distrito Federal","og_description":"Ap\u00f3s estreia com casa lotada nos CCBB Bras\u00edlia, o espet\u00e1culo\u00a0Vivendo de brisa, uma com\u00e9dia musical,\u00a0com concep\u00e7\u00e3o, texto e can\u00e7\u00f5es de Fernando Marques, dire\u00e7\u00e3o de Andr\u00e9 Amaro e dire\u00e7\u00e3o musical de Jos\u00e9 Cabrera, tem sess\u00f5es com entrada franca no Complexo Cultural de Samambaia (6\/7) e no SESC Gama (10\/7), ambos \u00e0s 20h. O musical \u2013 que [&hellip;]","og_url":"https:\/\/www.p31noticias.com.br\/?p=18196","og_site_name":"P31","article_published_time":"2019-07-05T15:40:08+00:00","og_image":[{"width":1667,"height":2500,"url":"https:\/\/www.p31noticias.com.br\/wp-content\/uploads\/2019\/07\/Teatro-183.jpg","type":"image\/jpeg"}],"author":"Reda\u00e7\u00e3o JBN","twitter_card":"summary_large_image","twitter_misc":{"Escrito por":"Reda\u00e7\u00e3o JBN","Est. tempo de leitura":"4 minutos"},"schema":{"@context":"https:\/\/schema.org","@graph":[{"@type":"Article","@id":"https:\/\/www.p31noticias.com.br\/?p=18196#article","isPartOf":{"@id":"https:\/\/www.p31noticias.com.br\/?p=18196"},"author":{"name":"Reda\u00e7\u00e3o JBN","@id":"https:\/\/www.p31noticias.com.br\/#\/schema\/person\/77d6b186c710ac38937c6ec204fdd387"},"headline":"Vivendo de brisa, uma com\u00e9dia musical circula pelo Distrito Federal","datePublished":"2019-07-05T15:40:08+00:00","mainEntityOfPage":{"@id":"https:\/\/www.p31noticias.com.br\/?p=18196"},"wordCount":850,"commentCount":0,"image":{"@id":"https:\/\/www.p31noticias.com.br\/?p=18196#primaryimage"},"thumbnailUrl":"https:\/\/www.p31noticias.com.br\/wp-content\/uploads\/2019\/07\/Teatro-183.jpg","articleSection":["Outros"],"inLanguage":"pt-BR","potentialAction":[{"@type":"CommentAction","name":"Comment","target":["https:\/\/www.p31noticias.com.br\/?p=18196#respond"]}],"copyrightYear":"2019","copyrightHolder":{"@id":"https:\/\/www.p31noticias.com.br\/#organization"}},{"@type":"WebPage","@id":"https:\/\/www.p31noticias.com.br\/?p=18196","url":"https:\/\/www.p31noticias.com.br\/?p=18196","name":"Vivendo de brisa, uma com\u00e9dia musical circula pelo Distrito Federal - P31","isPartOf":{"@id":"https:\/\/www.p31noticias.com.br\/#website"},"primaryImageOfPage":{"@id":"https:\/\/www.p31noticias.com.br\/?p=18196#primaryimage"},"image":{"@id":"https:\/\/www.p31noticias.com.br\/?p=18196#primaryimage"},"thumbnailUrl":"https:\/\/www.p31noticias.com.br\/wp-content\/uploads\/2019\/07\/Teatro-183.jpg","datePublished":"2019-07-05T15:40:08+00:00","author":{"@id":"https:\/\/www.p31noticias.com.br\/#\/schema\/person\/77d6b186c710ac38937c6ec204fdd387"},"breadcrumb":{"@id":"https:\/\/www.p31noticias.com.br\/?p=18196#breadcrumb"},"inLanguage":"pt-BR","potentialAction":[{"@type":"ReadAction","target":["https:\/\/www.p31noticias.com.br\/?p=18196"]}]},{"@type":"ImageObject","inLanguage":"pt-BR","@id":"https:\/\/www.p31noticias.com.br\/?p=18196#primaryimage","url":"https:\/\/www.p31noticias.com.br\/wp-content\/uploads\/2019\/07\/Teatro-183.jpg","contentUrl":"https:\/\/www.p31noticias.com.br\/wp-content\/uploads\/2019\/07\/Teatro-183.jpg","width":1667,"height":2500},{"@type":"BreadcrumbList","@id":"https:\/\/www.p31noticias.com.br\/?p=18196#breadcrumb","itemListElement":[{"@type":"ListItem","position":1,"name":"In\u00edcio","item":"https:\/\/www.p31noticias.com.br\/"},{"@type":"ListItem","position":2,"name":"Vivendo de brisa, uma com\u00e9dia musical circula pelo Distrito Federal"}]},{"@type":"WebSite","@id":"https:\/\/www.p31noticias.com.br\/#website","url":"https:\/\/www.p31noticias.com.br\/","name":"P31","description":"NOT\u00cdCIAS","potentialAction":[{"@type":"SearchAction","target":{"@type":"EntryPoint","urlTemplate":"https:\/\/www.p31noticias.com.br\/?s={search_term_string}"},"query-input":{"@type":"PropertyValueSpecification","valueRequired":true,"valueName":"search_term_string"}}],"inLanguage":"pt-BR"},{"@type":"Person","@id":"https:\/\/www.p31noticias.com.br\/#\/schema\/person\/77d6b186c710ac38937c6ec204fdd387","name":"Reda\u00e7\u00e3o JBN","image":{"@type":"ImageObject","inLanguage":"pt-BR","@id":"https:\/\/secure.gravatar.com\/avatar\/10fcdb93211f98cce3d64c0795b0915a9a4a21dc0f279238995a3dbfafcad090?s=96&d=mm&r=g","url":"https:\/\/secure.gravatar.com\/avatar\/10fcdb93211f98cce3d64c0795b0915a9a4a21dc0f279238995a3dbfafcad090?s=96&d=mm&r=g","contentUrl":"https:\/\/secure.gravatar.com\/avatar\/10fcdb93211f98cce3d64c0795b0915a9a4a21dc0f279238995a3dbfafcad090?s=96&d=mm&r=g","caption":"Reda\u00e7\u00e3o JBN"},"sameAs":["https:\/\/p31noticias.com.br"],"url":"https:\/\/www.p31noticias.com.br\/?author=18"}]}},"amp_enabled":true,"_links":{"self":[{"href":"https:\/\/www.p31noticias.com.br\/index.php?rest_route=\/wp\/v2\/posts\/18196","targetHints":{"allow":["GET"]}}],"collection":[{"href":"https:\/\/www.p31noticias.com.br\/index.php?rest_route=\/wp\/v2\/posts"}],"about":[{"href":"https:\/\/www.p31noticias.com.br\/index.php?rest_route=\/wp\/v2\/types\/post"}],"author":[{"embeddable":true,"href":"https:\/\/www.p31noticias.com.br\/index.php?rest_route=\/wp\/v2\/users\/18"}],"replies":[{"embeddable":true,"href":"https:\/\/www.p31noticias.com.br\/index.php?rest_route=%2Fwp%2Fv2%2Fcomments&post=18196"}],"version-history":[{"count":0,"href":"https:\/\/www.p31noticias.com.br\/index.php?rest_route=\/wp\/v2\/posts\/18196\/revisions"}],"wp:featuredmedia":[{"embeddable":true,"href":"https:\/\/www.p31noticias.com.br\/index.php?rest_route=\/wp\/v2\/media\/18197"}],"wp:attachment":[{"href":"https:\/\/www.p31noticias.com.br\/index.php?rest_route=%2Fwp%2Fv2%2Fmedia&parent=18196"}],"wp:term":[{"taxonomy":"category","embeddable":true,"href":"https:\/\/www.p31noticias.com.br\/index.php?rest_route=%2Fwp%2Fv2%2Fcategories&post=18196"},{"taxonomy":"post_tag","embeddable":true,"href":"https:\/\/www.p31noticias.com.br\/index.php?rest_route=%2Fwp%2Fv2%2Ftags&post=18196"}],"curies":[{"name":"wp","href":"https:\/\/api.w.org\/{rel}","templated":true}]}}