{"id":18188,"date":"2019-06-05T12:28:57","date_gmt":"2019-06-05T15:28:57","guid":{"rendered":"https:\/\/www.delioandrade.com.br\/?p=18188"},"modified":"2019-06-05T12:28:57","modified_gmt":"2019-06-05T15:28:57","slug":"o-dinheiro-ficou-mais-facil-afirma-ceo-da-mastercard","status":"publish","type":"post","link":"https:\/\/www.p31noticias.com.br\/?p=18188","title":{"rendered":"\u201cO dinheiro ficou mais f\u00e1cil\u201d, afirma CEO da Mastercard"},"content":{"rendered":"<p style=\"font-weight: 400;\">De acordo com Jo\u00e3o Pedro Paro, CEO da Mastercard, gra\u00e7as a tecnologia digital, hoje h\u00e1 diferentes formas de acesso ao dinheiro, e com isso realizar transa\u00e7\u00f5es ficou mais f\u00e1cil \u201co que era muito mais dif\u00edcil no passado, melhorou para n\u00f3s como empresa da ind\u00fastria do pagamento e como consumidores tamb\u00e9m\u201d.<\/p>\n<p style=\"font-weight: 400;\">Pedro Paro foi um dos convidados a palestrar na 12\u00aa edi\u00e7\u00e3o do CEO F\u00f3rum, promovido pela C\u00e2mara Americana de Com\u00e9rcio (Amcham Bras\u00edlia) na \u00faltima quarta-feira, 26\/6. O evento que faz parte das comemora\u00e7\u00f5es do centen\u00e1rio da institui\u00e7\u00e3o aconteceu no teatro do Royal Tulip, durante a manh\u00e3 e teve como tema \u201cInova\u00e7\u00e3o e Legado\u201d. Tamb\u00e9m estiveram presentes F\u00e1bio Bindes, CEO e fundador do Sushiloko e Paula Paschoal, CEO da Paypal, al\u00e9m de H\u00e9lio Magalh\u00e3es, ex-presidente e atual membro do Conselho da Amcham Brasil.<\/p>\n<div id='gallery-1' class='gallery galleryid-18188 gallery-columns-3 gallery-size-thumbnail'><figure class='gallery-item'>\n\t\t\t<div class='gallery-icon landscape'>\n\t\t\t\t<a href='https:\/\/www.p31noticias.com.br\/?attachment_id=18192'><img loading=\"lazy\" decoding=\"async\" width=\"150\" height=\"150\" src=\"https:\/\/www.p31noticias.com.br\/wp-content\/uploads\/2019\/07\/Jo\u00e3o-Pedro-Paro-H\u00e9lio-Magalh\u00e3es-Paula-Paschoal-e-F\u00e1bio-Bindes_CEO-F\u00f3rum-2019_Amcham-Bras\u00edlia_Foto_Gabriel-Souto-150x150.jpg\" class=\"attachment-thumbnail size-thumbnail\" alt=\"\" \/><\/a>\n\t\t\t<\/div><\/figure><figure class='gallery-item'>\n\t\t\t<div class='gallery-icon landscape'>\n\t\t\t\t<a href='https:\/\/www.p31noticias.com.br\/?attachment_id=18193'><img loading=\"lazy\" decoding=\"async\" width=\"150\" height=\"150\" src=\"https:\/\/www.p31noticias.com.br\/wp-content\/uploads\/2019\/07\/CEO-F\u00f3rum-2019_Amcham-Bras\u00edlia_Foto_Gabriel-Souto-150x150.jpg\" class=\"attachment-thumbnail size-thumbnail\" alt=\"\" \/><\/a>\n\t\t\t<\/div><\/figure><figure class='gallery-item'>\n\t\t\t<div class='gallery-icon landscape'>\n\t\t\t\t<a href='https:\/\/www.p31noticias.com.br\/?attachment_id=18191'><img loading=\"lazy\" decoding=\"async\" width=\"150\" height=\"150\" src=\"https:\/\/www.p31noticias.com.br\/wp-content\/uploads\/2019\/07\/H\u00e9lio-Magalh\u00e3es_CEO-F\u00f3rum-2019_Amcham-Bras\u00edlia_Foto_Gabriel-Souto-150x150.jpg\" class=\"attachment-thumbnail size-thumbnail\" alt=\"\" \/><\/a>\n\t\t\t<\/div><\/figure><figure class='gallery-item'>\n\t\t\t<div class='gallery-icon landscape'>\n\t\t\t\t<a href='https:\/\/www.p31noticias.com.br\/?attachment_id=18190'><img loading=\"lazy\" decoding=\"async\" width=\"150\" height=\"150\" src=\"https:\/\/www.p31noticias.com.br\/wp-content\/uploads\/2019\/07\/CEO-F\u00f3rum-2019_Amcham-Bras\u00edlia_Foto_Gabriel-Souto.-1-150x150.jpg\" class=\"attachment-thumbnail size-thumbnail\" alt=\"\" \/><\/a>\n\t\t\t<\/div><\/figure>\n\t\t<\/div>\n\n<p style=\"font-weight: 400;\"><strong>Pain\u00e9is<\/strong><\/p>\n<p style=\"font-weight: 400;\">Dividido em quatro pain\u00e9is: Inf\u00e2ncia, Juventude, Maturidade e Centen\u00e1rio o encontro debateu a import\u00e2ncia da inova\u00e7\u00e3o no ambiente empresarial, ressaltando a relev\u00e2ncia do legado constru\u00eddo, durante anos, por empresas j\u00e1 consolidadas no mercado.<\/p>\n<p style=\"font-weight: 400;\">Durante o painel inf\u00e2ncia, F\u00e1bio Bindes compartilhou a trajet\u00f3ria de crescimento e desafios da rede Sushiloko, apontando o papel da tecnologia digital na comunica\u00e7\u00e3o e alcance do p\u00fablico. \u201cA gest\u00e3o do marketing foi o fator chave de mudan\u00e7a para o nosso neg\u00f3cio. Hoje estamos em um oceano azul quando o assunto \u00e9 Marketing Digital no Brasil, porque poucas pessoas investem e menos ainda investem da maneira correta\u201d, ponderou.<\/p>\n<p style=\"font-weight: 400;\">No Painel juventude, Paula Paschoal apontou a diversidade e inclus\u00e3o como caracter\u00edsticas fundamentais na composi\u00e7\u00e3o dos valores de uma empresa. \u201cA diversidade no Brasil \u00e9 um fato. Temos 54% da popula\u00e7\u00e3o composta por negros, 53% da popula\u00e7\u00e3o composta por mulheres. A inclus\u00e3o \u00e9 uma escolha e n\u00f3s escolhemos ser uma empresa que inclui as pessoas\u201d, destacou.<\/p>\n<p style=\"font-weight: 400;\">Segundo Pedro Paro, que apresentou o painel Maturidade, a evolu\u00e7\u00e3o da tecnologia digital est\u00e1 em evid\u00eancia. \u201cEm 2001, no come\u00e7o do sec. XXI, entre as cinco maiores empresas que existiam no mundo, quatro eram tradicionais, ou seja, empresas de com\u00f3dites e empresas industriais, por exemplo. Apenas uma delas era de tecnologia. Hoje, as cinco maiores empresas s\u00e3o de tecnologia. Isso significa alguma coisa\u201d, ressaltou.<\/p>\n<p style=\"font-weight: 400;\">Para encerrar as apresenta\u00e7\u00f5es dos pain\u00e9is, H\u00e9lio Magalh\u00e3es falou sobre o centen\u00e1rio da Amcham Brasil, al\u00e9m de compartilhar experi\u00eancias sobre os desafios e dilemas enfrentados por empresas tradicionais. \u201cFico muito feliz de estar hoje aqui comemorando os 100 anos da Amcham. Essa \u00e9 uma organiza\u00e7\u00e3o que est\u00e1 se transformando, mas para muitas empresas essa mudan\u00e7a n\u00e3o \u00e9 simples.\u00a0 Uma empresa vive muito tempo porque teve um passado de sucesso\u201d, destacou.<\/p>\n<p style=\"font-weight: 400;\">Com mais de uma d\u00e9cada de tradi\u00e7\u00e3o em Bras\u00edlia, todos os anos o CEO F\u00f3rum traz quest\u00f5es atuais e relevantes para o cen\u00e1rio empresarial local e nacional. Na edi\u00e7\u00e3o de 2019 o encontro contou com um p\u00fablico de cerca de 400 pessoas, entre empres\u00e1rios, executivos e gestores.<\/p>\n","protected":false},"excerpt":{"rendered":"<p>De acordo com Jo\u00e3o Pedro Paro, CEO da Mastercard, gra\u00e7as a tecnologia digital, hoje h\u00e1 diferentes formas de acesso ao dinheiro, e com isso realizar transa\u00e7\u00f5es ficou mais f\u00e1cil \u201co que era muito mais dif\u00edcil no passado, melhorou para n\u00f3s como empresa da ind\u00fastria do pagamento e como consumidores tamb\u00e9m\u201d. Pedro Paro foi um dos [&hellip;]<\/p>\n","protected":false},"author":18,"featured_media":18191,"comment_status":"open","ping_status":"open","sticky":false,"template":"","format":"standard","meta":{"footnotes":""},"categories":[1],"tags":[],"class_list":{"0":"post-18188","1":"post","2":"type-post","3":"status-publish","4":"format-standard","5":"has-post-thumbnail","7":"category-outros"},"yoast_head":"<!-- This site is optimized with the Yoast SEO Premium plugin v24.5 (Yoast SEO v27.5) - https:\/\/yoast.com\/product\/yoast-seo-premium-wordpress\/ -->\n<title>\u201cO dinheiro ficou mais f\u00e1cil\u201d, afirma CEO da Mastercard - P31<\/title>\n<meta name=\"robots\" content=\"index, follow, max-snippet:-1, max-image-preview:large, max-video-preview:-1\" \/>\n<link rel=\"canonical\" href=\"https:\/\/www.p31noticias.com.br\/?p=18188\" \/>\n<meta property=\"og:locale\" content=\"pt_BR\" \/>\n<meta property=\"og:type\" content=\"article\" \/>\n<meta property=\"og:title\" content=\"\u201cO dinheiro ficou mais f\u00e1cil\u201d, afirma CEO da Mastercard\" \/>\n<meta property=\"og:description\" content=\"De acordo com Jo\u00e3o Pedro Paro, CEO da Mastercard, gra\u00e7as a tecnologia digital, hoje h\u00e1 diferentes formas de acesso ao dinheiro, e com isso realizar transa\u00e7\u00f5es ficou mais f\u00e1cil \u201co que era muito mais dif\u00edcil no passado, melhorou para n\u00f3s como empresa da ind\u00fastria do pagamento e como consumidores tamb\u00e9m\u201d. Pedro Paro foi um dos [&hellip;]\" \/>\n<meta property=\"og:url\" content=\"https:\/\/www.p31noticias.com.br\/?p=18188\" \/>\n<meta property=\"og:site_name\" content=\"P31\" \/>\n<meta property=\"article:published_time\" content=\"2019-06-05T15:28:57+00:00\" \/>\n<meta property=\"og:image\" content=\"https:\/\/www.p31noticias.com.br\/wp-content\/uploads\/2019\/07\/H\u00e9lio-Magalh\u00e3es_CEO-F\u00f3rum-2019_Amcham-Bras\u00edlia_Foto_Gabriel-Souto.jpg\" \/>\n\t<meta property=\"og:image:width\" content=\"1479\" \/>\n\t<meta property=\"og:image:height\" content=\"980\" \/>\n\t<meta property=\"og:image:type\" content=\"image\/jpeg\" \/>\n<meta name=\"author\" content=\"Reda\u00e7\u00e3o JBN\" \/>\n<meta name=\"twitter:card\" content=\"summary_large_image\" \/>\n<meta name=\"twitter:label1\" content=\"Escrito por\" \/>\n\t<meta name=\"twitter:data1\" content=\"Reda\u00e7\u00e3o JBN\" \/>\n\t<meta name=\"twitter:label2\" content=\"Est. tempo de leitura\" \/>\n\t<meta name=\"twitter:data2\" content=\"3 minutos\" \/>\n<script type=\"application\/ld+json\" class=\"yoast-schema-graph\">{\"@context\":\"https:\\\/\\\/schema.org\",\"@graph\":[{\"@type\":\"Article\",\"@id\":\"https:\\\/\\\/www.p31noticias.com.br\\\/?p=18188#article\",\"isPartOf\":{\"@id\":\"https:\\\/\\\/www.p31noticias.com.br\\\/?p=18188\"},\"author\":{\"name\":\"Reda\u00e7\u00e3o JBN\",\"@id\":\"https:\\\/\\\/www.p31noticias.com.br\\\/#\\\/schema\\\/person\\\/77d6b186c710ac38937c6ec204fdd387\"},\"headline\":\"\u201cO dinheiro ficou mais f\u00e1cil\u201d, afirma CEO da Mastercard\",\"datePublished\":\"2019-06-05T15:28:57+00:00\",\"mainEntityOfPage\":{\"@id\":\"https:\\\/\\\/www.p31noticias.com.br\\\/?p=18188\"},\"wordCount\":539,\"commentCount\":0,\"image\":{\"@id\":\"https:\\\/\\\/www.p31noticias.com.br\\\/?p=18188#primaryimage\"},\"thumbnailUrl\":\"https:\\\/\\\/www.p31noticias.com.br\\\/wp-content\\\/uploads\\\/2019\\\/07\\\/H\u00e9lio-Magalh\u00e3es_CEO-F\u00f3rum-2019_Amcham-Bras\u00edlia_Foto_Gabriel-Souto.jpg\",\"articleSection\":[\"Outros\"],\"inLanguage\":\"pt-BR\",\"potentialAction\":[{\"@type\":\"CommentAction\",\"name\":\"Comment\",\"target\":[\"https:\\\/\\\/www.p31noticias.com.br\\\/?p=18188#respond\"]}],\"copyrightYear\":\"2019\",\"copyrightHolder\":{\"@id\":\"https:\\\/\\\/www.p31noticias.com.br\\\/#organization\"}},{\"@type\":\"WebPage\",\"@id\":\"https:\\\/\\\/www.p31noticias.com.br\\\/?p=18188\",\"url\":\"https:\\\/\\\/www.p31noticias.com.br\\\/?p=18188\",\"name\":\"\u201cO dinheiro ficou mais f\u00e1cil\u201d, afirma CEO da Mastercard - P31\",\"isPartOf\":{\"@id\":\"https:\\\/\\\/www.p31noticias.com.br\\\/#website\"},\"primaryImageOfPage\":{\"@id\":\"https:\\\/\\\/www.p31noticias.com.br\\\/?p=18188#primaryimage\"},\"image\":{\"@id\":\"https:\\\/\\\/www.p31noticias.com.br\\\/?p=18188#primaryimage\"},\"thumbnailUrl\":\"https:\\\/\\\/www.p31noticias.com.br\\\/wp-content\\\/uploads\\\/2019\\\/07\\\/H\u00e9lio-Magalh\u00e3es_CEO-F\u00f3rum-2019_Amcham-Bras\u00edlia_Foto_Gabriel-Souto.jpg\",\"datePublished\":\"2019-06-05T15:28:57+00:00\",\"author\":{\"@id\":\"https:\\\/\\\/www.p31noticias.com.br\\\/#\\\/schema\\\/person\\\/77d6b186c710ac38937c6ec204fdd387\"},\"breadcrumb\":{\"@id\":\"https:\\\/\\\/www.p31noticias.com.br\\\/?p=18188#breadcrumb\"},\"inLanguage\":\"pt-BR\",\"potentialAction\":[{\"@type\":\"ReadAction\",\"target\":[\"https:\\\/\\\/www.p31noticias.com.br\\\/?p=18188\"]}]},{\"@type\":\"ImageObject\",\"inLanguage\":\"pt-BR\",\"@id\":\"https:\\\/\\\/www.p31noticias.com.br\\\/?p=18188#primaryimage\",\"url\":\"https:\\\/\\\/www.p31noticias.com.br\\\/wp-content\\\/uploads\\\/2019\\\/07\\\/H\u00e9lio-Magalh\u00e3es_CEO-F\u00f3rum-2019_Amcham-Bras\u00edlia_Foto_Gabriel-Souto.jpg\",\"contentUrl\":\"https:\\\/\\\/www.p31noticias.com.br\\\/wp-content\\\/uploads\\\/2019\\\/07\\\/H\u00e9lio-Magalh\u00e3es_CEO-F\u00f3rum-2019_Amcham-Bras\u00edlia_Foto_Gabriel-Souto.jpg\",\"width\":1479,\"height\":980},{\"@type\":\"BreadcrumbList\",\"@id\":\"https:\\\/\\\/www.p31noticias.com.br\\\/?p=18188#breadcrumb\",\"itemListElement\":[{\"@type\":\"ListItem\",\"position\":1,\"name\":\"In\u00edcio\",\"item\":\"https:\\\/\\\/www.p31noticias.com.br\\\/\"},{\"@type\":\"ListItem\",\"position\":2,\"name\":\"\u201cO dinheiro ficou mais f\u00e1cil\u201d, afirma CEO da Mastercard\"}]},{\"@type\":\"WebSite\",\"@id\":\"https:\\\/\\\/www.p31noticias.com.br\\\/#website\",\"url\":\"https:\\\/\\\/www.p31noticias.com.br\\\/\",\"name\":\"P31\",\"description\":\"NOT\u00cdCIAS\",\"potentialAction\":[{\"@type\":\"SearchAction\",\"target\":{\"@type\":\"EntryPoint\",\"urlTemplate\":\"https:\\\/\\\/www.p31noticias.com.br\\\/?s={search_term_string}\"},\"query-input\":{\"@type\":\"PropertyValueSpecification\",\"valueRequired\":true,\"valueName\":\"search_term_string\"}}],\"inLanguage\":\"pt-BR\"},{\"@type\":\"Person\",\"@id\":\"https:\\\/\\\/www.p31noticias.com.br\\\/#\\\/schema\\\/person\\\/77d6b186c710ac38937c6ec204fdd387\",\"name\":\"Reda\u00e7\u00e3o JBN\",\"image\":{\"@type\":\"ImageObject\",\"inLanguage\":\"pt-BR\",\"@id\":\"https:\\\/\\\/secure.gravatar.com\\\/avatar\\\/10fcdb93211f98cce3d64c0795b0915a9a4a21dc0f279238995a3dbfafcad090?s=96&d=mm&r=g\",\"url\":\"https:\\\/\\\/secure.gravatar.com\\\/avatar\\\/10fcdb93211f98cce3d64c0795b0915a9a4a21dc0f279238995a3dbfafcad090?s=96&d=mm&r=g\",\"contentUrl\":\"https:\\\/\\\/secure.gravatar.com\\\/avatar\\\/10fcdb93211f98cce3d64c0795b0915a9a4a21dc0f279238995a3dbfafcad090?s=96&d=mm&r=g\",\"caption\":\"Reda\u00e7\u00e3o JBN\"},\"sameAs\":[\"https:\\\/\\\/p31noticias.com.br\"],\"url\":\"https:\\\/\\\/www.p31noticias.com.br\\\/?author=18\"}]}<\/script>\n<!-- \/ Yoast SEO Premium plugin. -->","yoast_head_json":{"title":"\u201cO dinheiro ficou mais f\u00e1cil\u201d, afirma CEO da Mastercard - P31","robots":{"index":"index","follow":"follow","max-snippet":"max-snippet:-1","max-image-preview":"max-image-preview:large","max-video-preview":"max-video-preview:-1"},"canonical":"https:\/\/www.p31noticias.com.br\/?p=18188","og_locale":"pt_BR","og_type":"article","og_title":"\u201cO dinheiro ficou mais f\u00e1cil\u201d, afirma CEO da Mastercard","og_description":"De acordo com Jo\u00e3o Pedro Paro, CEO da Mastercard, gra\u00e7as a tecnologia digital, hoje h\u00e1 diferentes formas de acesso ao dinheiro, e com isso realizar transa\u00e7\u00f5es ficou mais f\u00e1cil \u201co que era muito mais dif\u00edcil no passado, melhorou para n\u00f3s como empresa da ind\u00fastria do pagamento e como consumidores tamb\u00e9m\u201d. Pedro Paro foi um dos [&hellip;]","og_url":"https:\/\/www.p31noticias.com.br\/?p=18188","og_site_name":"P31","article_published_time":"2019-06-05T15:28:57+00:00","og_image":[{"width":1479,"height":980,"url":"https:\/\/www.p31noticias.com.br\/wp-content\/uploads\/2019\/07\/H\u00e9lio-Magalh\u00e3es_CEO-F\u00f3rum-2019_Amcham-Bras\u00edlia_Foto_Gabriel-Souto.jpg","type":"image\/jpeg"}],"author":"Reda\u00e7\u00e3o JBN","twitter_card":"summary_large_image","twitter_misc":{"Escrito por":"Reda\u00e7\u00e3o JBN","Est. tempo de leitura":"3 minutos"},"schema":{"@context":"https:\/\/schema.org","@graph":[{"@type":"Article","@id":"https:\/\/www.p31noticias.com.br\/?p=18188#article","isPartOf":{"@id":"https:\/\/www.p31noticias.com.br\/?p=18188"},"author":{"name":"Reda\u00e7\u00e3o JBN","@id":"https:\/\/www.p31noticias.com.br\/#\/schema\/person\/77d6b186c710ac38937c6ec204fdd387"},"headline":"\u201cO dinheiro ficou mais f\u00e1cil\u201d, afirma CEO da Mastercard","datePublished":"2019-06-05T15:28:57+00:00","mainEntityOfPage":{"@id":"https:\/\/www.p31noticias.com.br\/?p=18188"},"wordCount":539,"commentCount":0,"image":{"@id":"https:\/\/www.p31noticias.com.br\/?p=18188#primaryimage"},"thumbnailUrl":"https:\/\/www.p31noticias.com.br\/wp-content\/uploads\/2019\/07\/H\u00e9lio-Magalh\u00e3es_CEO-F\u00f3rum-2019_Amcham-Bras\u00edlia_Foto_Gabriel-Souto.jpg","articleSection":["Outros"],"inLanguage":"pt-BR","potentialAction":[{"@type":"CommentAction","name":"Comment","target":["https:\/\/www.p31noticias.com.br\/?p=18188#respond"]}],"copyrightYear":"2019","copyrightHolder":{"@id":"https:\/\/www.p31noticias.com.br\/#organization"}},{"@type":"WebPage","@id":"https:\/\/www.p31noticias.com.br\/?p=18188","url":"https:\/\/www.p31noticias.com.br\/?p=18188","name":"\u201cO dinheiro ficou mais f\u00e1cil\u201d, afirma CEO da Mastercard - P31","isPartOf":{"@id":"https:\/\/www.p31noticias.com.br\/#website"},"primaryImageOfPage":{"@id":"https:\/\/www.p31noticias.com.br\/?p=18188#primaryimage"},"image":{"@id":"https:\/\/www.p31noticias.com.br\/?p=18188#primaryimage"},"thumbnailUrl":"https:\/\/www.p31noticias.com.br\/wp-content\/uploads\/2019\/07\/H\u00e9lio-Magalh\u00e3es_CEO-F\u00f3rum-2019_Amcham-Bras\u00edlia_Foto_Gabriel-Souto.jpg","datePublished":"2019-06-05T15:28:57+00:00","author":{"@id":"https:\/\/www.p31noticias.com.br\/#\/schema\/person\/77d6b186c710ac38937c6ec204fdd387"},"breadcrumb":{"@id":"https:\/\/www.p31noticias.com.br\/?p=18188#breadcrumb"},"inLanguage":"pt-BR","potentialAction":[{"@type":"ReadAction","target":["https:\/\/www.p31noticias.com.br\/?p=18188"]}]},{"@type":"ImageObject","inLanguage":"pt-BR","@id":"https:\/\/www.p31noticias.com.br\/?p=18188#primaryimage","url":"https:\/\/www.p31noticias.com.br\/wp-content\/uploads\/2019\/07\/H\u00e9lio-Magalh\u00e3es_CEO-F\u00f3rum-2019_Amcham-Bras\u00edlia_Foto_Gabriel-Souto.jpg","contentUrl":"https:\/\/www.p31noticias.com.br\/wp-content\/uploads\/2019\/07\/H\u00e9lio-Magalh\u00e3es_CEO-F\u00f3rum-2019_Amcham-Bras\u00edlia_Foto_Gabriel-Souto.jpg","width":1479,"height":980},{"@type":"BreadcrumbList","@id":"https:\/\/www.p31noticias.com.br\/?p=18188#breadcrumb","itemListElement":[{"@type":"ListItem","position":1,"name":"In\u00edcio","item":"https:\/\/www.p31noticias.com.br\/"},{"@type":"ListItem","position":2,"name":"\u201cO dinheiro ficou mais f\u00e1cil\u201d, afirma CEO da Mastercard"}]},{"@type":"WebSite","@id":"https:\/\/www.p31noticias.com.br\/#website","url":"https:\/\/www.p31noticias.com.br\/","name":"P31","description":"NOT\u00cdCIAS","potentialAction":[{"@type":"SearchAction","target":{"@type":"EntryPoint","urlTemplate":"https:\/\/www.p31noticias.com.br\/?s={search_term_string}"},"query-input":{"@type":"PropertyValueSpecification","valueRequired":true,"valueName":"search_term_string"}}],"inLanguage":"pt-BR"},{"@type":"Person","@id":"https:\/\/www.p31noticias.com.br\/#\/schema\/person\/77d6b186c710ac38937c6ec204fdd387","name":"Reda\u00e7\u00e3o JBN","image":{"@type":"ImageObject","inLanguage":"pt-BR","@id":"https:\/\/secure.gravatar.com\/avatar\/10fcdb93211f98cce3d64c0795b0915a9a4a21dc0f279238995a3dbfafcad090?s=96&d=mm&r=g","url":"https:\/\/secure.gravatar.com\/avatar\/10fcdb93211f98cce3d64c0795b0915a9a4a21dc0f279238995a3dbfafcad090?s=96&d=mm&r=g","contentUrl":"https:\/\/secure.gravatar.com\/avatar\/10fcdb93211f98cce3d64c0795b0915a9a4a21dc0f279238995a3dbfafcad090?s=96&d=mm&r=g","caption":"Reda\u00e7\u00e3o JBN"},"sameAs":["https:\/\/p31noticias.com.br"],"url":"https:\/\/www.p31noticias.com.br\/?author=18"}]}},"amp_enabled":true,"_links":{"self":[{"href":"https:\/\/www.p31noticias.com.br\/index.php?rest_route=\/wp\/v2\/posts\/18188","targetHints":{"allow":["GET"]}}],"collection":[{"href":"https:\/\/www.p31noticias.com.br\/index.php?rest_route=\/wp\/v2\/posts"}],"about":[{"href":"https:\/\/www.p31noticias.com.br\/index.php?rest_route=\/wp\/v2\/types\/post"}],"author":[{"embeddable":true,"href":"https:\/\/www.p31noticias.com.br\/index.php?rest_route=\/wp\/v2\/users\/18"}],"replies":[{"embeddable":true,"href":"https:\/\/www.p31noticias.com.br\/index.php?rest_route=%2Fwp%2Fv2%2Fcomments&post=18188"}],"version-history":[{"count":0,"href":"https:\/\/www.p31noticias.com.br\/index.php?rest_route=\/wp\/v2\/posts\/18188\/revisions"}],"wp:featuredmedia":[{"embeddable":true,"href":"https:\/\/www.p31noticias.com.br\/index.php?rest_route=\/wp\/v2\/media\/18191"}],"wp:attachment":[{"href":"https:\/\/www.p31noticias.com.br\/index.php?rest_route=%2Fwp%2Fv2%2Fmedia&parent=18188"}],"wp:term":[{"taxonomy":"category","embeddable":true,"href":"https:\/\/www.p31noticias.com.br\/index.php?rest_route=%2Fwp%2Fv2%2Fcategories&post=18188"},{"taxonomy":"post_tag","embeddable":true,"href":"https:\/\/www.p31noticias.com.br\/index.php?rest_route=%2Fwp%2Fv2%2Ftags&post=18188"}],"curies":[{"name":"wp","href":"https:\/\/api.w.org\/{rel}","templated":true}]}}