{"id":1805,"date":"2019-05-04T10:28:33","date_gmt":"2019-05-04T13:28:33","guid":{"rendered":"https:\/\/juniortakamoto.com.br\/?p=1805"},"modified":"2019-05-04T10:28:33","modified_gmt":"2019-05-04T13:28:33","slug":"crise-financeira-faz-gdf-suspende-todos-novos-gastos-publicos","status":"publish","type":"post","link":"https:\/\/www.p31noticias.com.br\/?p=1805","title":{"rendered":"Crise financeira faz GDF suspende todos novos gastos p\u00fablicos"},"content":{"rendered":"<h1>Secret\u00e1rio de Fazenda reuniu demais gestores do Executivo para anunciar corte nas despesas. \u201cN\u00e3o tem outro rem\u00e9dio\u201d, disse Andr\u00e9 Clemente<\/h1>\n<p>Diante de uma crise financeira, o Governo do Distrito Federal (GDF)\u00a0tem apertado cada vez mais o cinto. Em reuni\u00e3o nesta sexta-feira (03\/05\/2019) com o secretariado, presidentes de estatais e autarquias, o secret\u00e1rio de Fazenda e Planejamento, Andr\u00e9 Clemente, anunciou\u00a0que qualquer\u00a0gasto s\u00f3 poder\u00e1 ser efetuado com autoriza\u00e7\u00e3o da pasta. Al\u00e9m disso,\u00a0confirmou\u00a0o contingenciamento de mais\u00a0R$ 600 milh\u00f5es no or\u00e7amento,<strong>\u00a0<\/strong>totalizando\u00a0R$ 1,2 bilh\u00e3o paralisado nos cofres locais.<\/p>\n<p>\u201cTodos os novos gastos p\u00fablicos est\u00e3o suspensos. Ser\u00e3o feitos somente\u00a0depois de uma an\u00e1lise muito intensa dessa nova realidade econ\u00f4mica e de prefer\u00eancia com substitui\u00e7\u00e3o de gastos antigos. Estamos revendo as despesas, cancelando aquilo que n\u00e3o tem pertin\u00eancia com nosso plano de governo.\u00a0O risco \u00e9 muito grande, mas estamos fazendo de tudo para que os secret\u00e1rios sejam sensibilizados com a nova realidade econ\u00f4mica e que n\u00e3o haja a descontinuidade das pol\u00edticas p\u00fablicas essenciais\u201d, declarou Clemente.<\/p>\n<p>Durante a reuni\u00e3o, o secret\u00e1rio afirmou que todas as \u00e1reas sofreram cortes, inclusive Sa\u00fade, Educa\u00e7\u00e3o e Seguran\u00e7a. Ele admite que \u00e9 uma solu\u00e7\u00e3o dura, mas, conforme alegou, n\u00e3o h\u00e1 outra forma para garantir o equil\u00edbrio das contas. \u201cPor isso, a austeridade fiscal neste momento. Visando aumentar a receita e contingenciar o gasto. N\u00e3o tem outro rem\u00e9dio\u201d, frisou.<\/p>\n<p>Segundo o respons\u00e1vel pela \u00e1rea econ\u00f4mica do GDF, os\u00a0recursos ser\u00e3o disponibilizados de acordo com a necessidade de cada setor. Isso porque, al\u00e9m da amea\u00e7a da retirada da arrecada\u00e7\u00e3o anual de\u00a0R$ 680 milh\u00f5es do imposto de renda recolhido pelos sal\u00e1rios pagos com o Fundo Constitucional (FCDF), o governo sofreu com a frustra\u00e7\u00e3o de R$ 360 milh\u00f5es na arrecada\u00e7\u00e3o dos primeiros quatro meses do ano. No per\u00edodo, os cofres p\u00fablicos recolheram R$ 7,9 bilh\u00f5es.<\/p>\n<p>Diante desse cen\u00e1rio, explicou Clemente, o GDF precisa fazer o arrocho para n\u00e3o\u00a0ultrapassar os limites da Lei de Responsabilidade Fiscal (LRF).\u00a0Hoje, a propor\u00e7\u00e3o dos gastos de pessoal em rela\u00e7\u00e3o\u00a0\u00e0 receita corrente l\u00edquida \u00e9 de 43,48%. A perda do imposto de renda do FCDF gera um aumento de 0,93%. A frustra\u00e7\u00e3o da receita impacta em 0,69% e um eventual pagamento da terceira parcela pesa 3,77%. Juntos representam 5,56% e elevam os gastos do DF com pessoal para 49,04%. Uma marca acima do limite legal.<\/p>\n<p>Na avalia\u00e7\u00e3o do gestor,\u00a0a liminar concedida pelo STF contra a senten\u00e7a do TCU\u00a0\u00e9 um al\u00edvio, mas n\u00e3o \u00e9 a solu\u00e7\u00e3o do problema. At\u00e9 a decis\u00e3o do m\u00e9rito, o Distrito Federal est\u00e1 na \u201czona de risco\u201d.<\/p>\n<p><strong>Infraestrutura<\/strong><br \/>\nPor outro lado, o Pal\u00e1cio do Buriti\u00a0pretende liberar recursos para obras estrat\u00e9gicas de infraestrutura a fim de resolver os problemas da popula\u00e7\u00e3o e gerar empregos. Nesse sentido, Clemente disse que pretende priorizar a libera\u00e7\u00e3o de R$ 500 milh\u00f5es para obras emergenciais e de drenagem, principalmente no caso de Vicente Pires, onde o\u00a0executivo distrital\u00a0vai injetar emergencialmente R$ 150 milh\u00f5es.<\/p>\n<p>Para viabilizar as obras, o DF tem apenas R$ 200 milh\u00f5es em caixa. Al\u00e9m disso, o secret\u00e1rio de Fazenda pretende usar tais recursos para conseguir opera\u00e7\u00f5es de cr\u00e9dito e financiamentos.\u00a0\u201cA cidade est\u00e1 derretendo. Precisa de infraestrutura. E n\u00f3s vamos buscar a realiza\u00e7\u00e3o dessas obras porque elas geram muitos empregos imediatos\u201d, pontuou Clemente.\t\t<\/p>\n","protected":false},"excerpt":{"rendered":"<p>Secret\u00e1rio de Fazenda reuniu demais gestores do Executivo para anunciar corte nas despesas. \u201cN\u00e3o tem outro rem\u00e9dio\u201d, disse Andr\u00e9 Clemente Diante de uma crise financeira, o Governo do Distrito Federal (GDF)\u00a0tem apertado cada vez mais o cinto. Em reuni\u00e3o nesta sexta-feira (03\/05\/2019) com o secretariado, presidentes de estatais e autarquias, o secret\u00e1rio de Fazenda e [&hellip;]<\/p>\n","protected":false},"author":18,"featured_media":1806,"comment_status":"open","ping_status":"open","sticky":false,"template":"","format":"standard","meta":{"footnotes":""},"categories":[21],"tags":[37,38,35,36,23],"class_list":{"0":"post-1805","1":"post","2":"type-post","3":"status-publish","4":"format-standard","5":"has-post-thumbnail","7":"category-brasilia","8":"tag-crise-financeira","9":"tag-gastos-publicos","10":"tag-gdf","11":"tag-ibaneis","12":"tag-ibaneis-rocha"},"yoast_head":"<!-- This site is optimized with the Yoast SEO Premium plugin v24.5 (Yoast SEO v27.4) - https:\/\/yoast.com\/product\/yoast-seo-premium-wordpress\/ -->\n<title>Crise financeira faz GDF suspende todos novos gastos p\u00fablicos - P31<\/title>\n<meta name=\"robots\" content=\"index, follow, max-snippet:-1, max-image-preview:large, max-video-preview:-1\" \/>\n<link rel=\"canonical\" href=\"https:\/\/www.p31noticias.com.br\/?p=1805\" \/>\n<meta property=\"og:locale\" content=\"pt_BR\" \/>\n<meta property=\"og:type\" content=\"article\" \/>\n<meta property=\"og:title\" content=\"Crise financeira faz GDF suspende todos novos gastos p\u00fablicos\" \/>\n<meta property=\"og:description\" content=\"Secret\u00e1rio de Fazenda reuniu demais gestores do Executivo para anunciar corte nas despesas. \u201cN\u00e3o tem outro rem\u00e9dio\u201d, disse Andr\u00e9 Clemente Diante de uma crise financeira, o Governo do Distrito Federal (GDF)\u00a0tem apertado cada vez mais o cinto. Em reuni\u00e3o nesta sexta-feira (03\/05\/2019) com o secretariado, presidentes de estatais e autarquias, o secret\u00e1rio de Fazenda e [&hellip;]\" \/>\n<meta property=\"og:url\" content=\"https:\/\/www.p31noticias.com.br\/?p=1805\" \/>\n<meta property=\"og:site_name\" content=\"P31\" \/>\n<meta property=\"article:published_time\" content=\"2019-05-04T13:28:33+00:00\" \/>\n<meta property=\"og:image\" content=\"https:\/\/www.p31noticias.com.br\/wp-content\/uploads\/2019\/05\/crise-finaceira-GDF-2015.jpg\" \/>\n\t<meta property=\"og:image:width\" content=\"629\" \/>\n\t<meta property=\"og:image:height\" content=\"335\" \/>\n\t<meta property=\"og:image:type\" content=\"image\/jpeg\" \/>\n<meta name=\"author\" content=\"Reda\u00e7\u00e3o JBN\" \/>\n<meta name=\"twitter:card\" content=\"summary_large_image\" \/>\n<meta name=\"twitter:label1\" content=\"Escrito por\" \/>\n\t<meta name=\"twitter:data1\" content=\"Reda\u00e7\u00e3o JBN\" \/>\n\t<meta name=\"twitter:label2\" content=\"Est. tempo de leitura\" \/>\n\t<meta name=\"twitter:data2\" content=\"3 minutos\" \/>\n<script type=\"application\/ld+json\" class=\"yoast-schema-graph\">{\"@context\":\"https:\\\/\\\/schema.org\",\"@graph\":[{\"@type\":\"Article\",\"@id\":\"https:\\\/\\\/www.p31noticias.com.br\\\/?p=1805#article\",\"isPartOf\":{\"@id\":\"https:\\\/\\\/www.p31noticias.com.br\\\/?p=1805\"},\"author\":{\"name\":\"Reda\u00e7\u00e3o JBN\",\"@id\":\"https:\\\/\\\/www.p31noticias.com.br\\\/#\\\/schema\\\/person\\\/77d6b186c710ac38937c6ec204fdd387\"},\"headline\":\"Crise financeira faz GDF suspende todos novos gastos p\u00fablicos\",\"datePublished\":\"2019-05-04T13:28:33+00:00\",\"mainEntityOfPage\":{\"@id\":\"https:\\\/\\\/www.p31noticias.com.br\\\/?p=1805\"},\"wordCount\":599,\"commentCount\":0,\"image\":{\"@id\":\"https:\\\/\\\/www.p31noticias.com.br\\\/?p=1805#primaryimage\"},\"thumbnailUrl\":\"https:\\\/\\\/www.p31noticias.com.br\\\/wp-content\\\/uploads\\\/2019\\\/05\\\/crise-finaceira-GDF-2015.jpg\",\"keywords\":[\"crise financeira\",\"gastos p\u00fablicos\",\"gdf\",\"Ibaneis\",\"Ibaneis Rocha\"],\"articleSection\":[\"Bras\u00edlia\"],\"inLanguage\":\"pt-BR\",\"potentialAction\":[{\"@type\":\"CommentAction\",\"name\":\"Comment\",\"target\":[\"https:\\\/\\\/www.p31noticias.com.br\\\/?p=1805#respond\"]}],\"copyrightYear\":\"2019\",\"copyrightHolder\":{\"@id\":\"https:\\\/\\\/www.p31noticias.com.br\\\/#organization\"}},{\"@type\":\"WebPage\",\"@id\":\"https:\\\/\\\/www.p31noticias.com.br\\\/?p=1805\",\"url\":\"https:\\\/\\\/www.p31noticias.com.br\\\/?p=1805\",\"name\":\"Crise financeira faz GDF suspende todos novos gastos p\u00fablicos - P31\",\"isPartOf\":{\"@id\":\"https:\\\/\\\/www.p31noticias.com.br\\\/#website\"},\"primaryImageOfPage\":{\"@id\":\"https:\\\/\\\/www.p31noticias.com.br\\\/?p=1805#primaryimage\"},\"image\":{\"@id\":\"https:\\\/\\\/www.p31noticias.com.br\\\/?p=1805#primaryimage\"},\"thumbnailUrl\":\"https:\\\/\\\/www.p31noticias.com.br\\\/wp-content\\\/uploads\\\/2019\\\/05\\\/crise-finaceira-GDF-2015.jpg\",\"datePublished\":\"2019-05-04T13:28:33+00:00\",\"author\":{\"@id\":\"https:\\\/\\\/www.p31noticias.com.br\\\/#\\\/schema\\\/person\\\/77d6b186c710ac38937c6ec204fdd387\"},\"breadcrumb\":{\"@id\":\"https:\\\/\\\/www.p31noticias.com.br\\\/?p=1805#breadcrumb\"},\"inLanguage\":\"pt-BR\",\"potentialAction\":[{\"@type\":\"ReadAction\",\"target\":[\"https:\\\/\\\/www.p31noticias.com.br\\\/?p=1805\"]}]},{\"@type\":\"ImageObject\",\"inLanguage\":\"pt-BR\",\"@id\":\"https:\\\/\\\/www.p31noticias.com.br\\\/?p=1805#primaryimage\",\"url\":\"https:\\\/\\\/www.p31noticias.com.br\\\/wp-content\\\/uploads\\\/2019\\\/05\\\/crise-finaceira-GDF-2015.jpg\",\"contentUrl\":\"https:\\\/\\\/www.p31noticias.com.br\\\/wp-content\\\/uploads\\\/2019\\\/05\\\/crise-finaceira-GDF-2015.jpg\",\"width\":629,\"height\":335,\"caption\":\"\"},{\"@type\":\"BreadcrumbList\",\"@id\":\"https:\\\/\\\/www.p31noticias.com.br\\\/?p=1805#breadcrumb\",\"itemListElement\":[{\"@type\":\"ListItem\",\"position\":1,\"name\":\"In\u00edcio\",\"item\":\"https:\\\/\\\/www.p31noticias.com.br\\\/\"},{\"@type\":\"ListItem\",\"position\":2,\"name\":\"Crise financeira faz GDF suspende todos novos gastos p\u00fablicos\"}]},{\"@type\":\"WebSite\",\"@id\":\"https:\\\/\\\/www.p31noticias.com.br\\\/#website\",\"url\":\"https:\\\/\\\/www.p31noticias.com.br\\\/\",\"name\":\"P31\",\"description\":\"NOT\u00cdCIAS\",\"potentialAction\":[{\"@type\":\"SearchAction\",\"target\":{\"@type\":\"EntryPoint\",\"urlTemplate\":\"https:\\\/\\\/www.p31noticias.com.br\\\/?s={search_term_string}\"},\"query-input\":{\"@type\":\"PropertyValueSpecification\",\"valueRequired\":true,\"valueName\":\"search_term_string\"}}],\"inLanguage\":\"pt-BR\"},{\"@type\":\"Person\",\"@id\":\"https:\\\/\\\/www.p31noticias.com.br\\\/#\\\/schema\\\/person\\\/77d6b186c710ac38937c6ec204fdd387\",\"name\":\"Reda\u00e7\u00e3o JBN\",\"image\":{\"@type\":\"ImageObject\",\"inLanguage\":\"pt-BR\",\"@id\":\"https:\\\/\\\/secure.gravatar.com\\\/avatar\\\/10fcdb93211f98cce3d64c0795b0915a9a4a21dc0f279238995a3dbfafcad090?s=96&d=mm&r=g\",\"url\":\"https:\\\/\\\/secure.gravatar.com\\\/avatar\\\/10fcdb93211f98cce3d64c0795b0915a9a4a21dc0f279238995a3dbfafcad090?s=96&d=mm&r=g\",\"contentUrl\":\"https:\\\/\\\/secure.gravatar.com\\\/avatar\\\/10fcdb93211f98cce3d64c0795b0915a9a4a21dc0f279238995a3dbfafcad090?s=96&d=mm&r=g\",\"caption\":\"Reda\u00e7\u00e3o JBN\"},\"sameAs\":[\"https:\\\/\\\/p31noticias.com.br\"],\"url\":\"https:\\\/\\\/www.p31noticias.com.br\\\/?author=18\"}]}<\/script>\n<!-- \/ Yoast SEO Premium plugin. -->","yoast_head_json":{"title":"Crise financeira faz GDF suspende todos novos gastos p\u00fablicos - P31","robots":{"index":"index","follow":"follow","max-snippet":"max-snippet:-1","max-image-preview":"max-image-preview:large","max-video-preview":"max-video-preview:-1"},"canonical":"https:\/\/www.p31noticias.com.br\/?p=1805","og_locale":"pt_BR","og_type":"article","og_title":"Crise financeira faz GDF suspende todos novos gastos p\u00fablicos","og_description":"Secret\u00e1rio de Fazenda reuniu demais gestores do Executivo para anunciar corte nas despesas. \u201cN\u00e3o tem outro rem\u00e9dio\u201d, disse Andr\u00e9 Clemente Diante de uma crise financeira, o Governo do Distrito Federal (GDF)\u00a0tem apertado cada vez mais o cinto. Em reuni\u00e3o nesta sexta-feira (03\/05\/2019) com o secretariado, presidentes de estatais e autarquias, o secret\u00e1rio de Fazenda e [&hellip;]","og_url":"https:\/\/www.p31noticias.com.br\/?p=1805","og_site_name":"P31","article_published_time":"2019-05-04T13:28:33+00:00","og_image":[{"width":629,"height":335,"url":"https:\/\/www.p31noticias.com.br\/wp-content\/uploads\/2019\/05\/crise-finaceira-GDF-2015.jpg","type":"image\/jpeg"}],"author":"Reda\u00e7\u00e3o JBN","twitter_card":"summary_large_image","twitter_misc":{"Escrito por":"Reda\u00e7\u00e3o JBN","Est. tempo de leitura":"3 minutos"},"schema":{"@context":"https:\/\/schema.org","@graph":[{"@type":"Article","@id":"https:\/\/www.p31noticias.com.br\/?p=1805#article","isPartOf":{"@id":"https:\/\/www.p31noticias.com.br\/?p=1805"},"author":{"name":"Reda\u00e7\u00e3o JBN","@id":"https:\/\/www.p31noticias.com.br\/#\/schema\/person\/77d6b186c710ac38937c6ec204fdd387"},"headline":"Crise financeira faz GDF suspende todos novos gastos p\u00fablicos","datePublished":"2019-05-04T13:28:33+00:00","mainEntityOfPage":{"@id":"https:\/\/www.p31noticias.com.br\/?p=1805"},"wordCount":599,"commentCount":0,"image":{"@id":"https:\/\/www.p31noticias.com.br\/?p=1805#primaryimage"},"thumbnailUrl":"https:\/\/www.p31noticias.com.br\/wp-content\/uploads\/2019\/05\/crise-finaceira-GDF-2015.jpg","keywords":["crise financeira","gastos p\u00fablicos","gdf","Ibaneis","Ibaneis Rocha"],"articleSection":["Bras\u00edlia"],"inLanguage":"pt-BR","potentialAction":[{"@type":"CommentAction","name":"Comment","target":["https:\/\/www.p31noticias.com.br\/?p=1805#respond"]}],"copyrightYear":"2019","copyrightHolder":{"@id":"https:\/\/www.p31noticias.com.br\/#organization"}},{"@type":"WebPage","@id":"https:\/\/www.p31noticias.com.br\/?p=1805","url":"https:\/\/www.p31noticias.com.br\/?p=1805","name":"Crise financeira faz GDF suspende todos novos gastos p\u00fablicos - P31","isPartOf":{"@id":"https:\/\/www.p31noticias.com.br\/#website"},"primaryImageOfPage":{"@id":"https:\/\/www.p31noticias.com.br\/?p=1805#primaryimage"},"image":{"@id":"https:\/\/www.p31noticias.com.br\/?p=1805#primaryimage"},"thumbnailUrl":"https:\/\/www.p31noticias.com.br\/wp-content\/uploads\/2019\/05\/crise-finaceira-GDF-2015.jpg","datePublished":"2019-05-04T13:28:33+00:00","author":{"@id":"https:\/\/www.p31noticias.com.br\/#\/schema\/person\/77d6b186c710ac38937c6ec204fdd387"},"breadcrumb":{"@id":"https:\/\/www.p31noticias.com.br\/?p=1805#breadcrumb"},"inLanguage":"pt-BR","potentialAction":[{"@type":"ReadAction","target":["https:\/\/www.p31noticias.com.br\/?p=1805"]}]},{"@type":"ImageObject","inLanguage":"pt-BR","@id":"https:\/\/www.p31noticias.com.br\/?p=1805#primaryimage","url":"https:\/\/www.p31noticias.com.br\/wp-content\/uploads\/2019\/05\/crise-finaceira-GDF-2015.jpg","contentUrl":"https:\/\/www.p31noticias.com.br\/wp-content\/uploads\/2019\/05\/crise-finaceira-GDF-2015.jpg","width":629,"height":335,"caption":""},{"@type":"BreadcrumbList","@id":"https:\/\/www.p31noticias.com.br\/?p=1805#breadcrumb","itemListElement":[{"@type":"ListItem","position":1,"name":"In\u00edcio","item":"https:\/\/www.p31noticias.com.br\/"},{"@type":"ListItem","position":2,"name":"Crise financeira faz GDF suspende todos novos gastos p\u00fablicos"}]},{"@type":"WebSite","@id":"https:\/\/www.p31noticias.com.br\/#website","url":"https:\/\/www.p31noticias.com.br\/","name":"P31","description":"NOT\u00cdCIAS","potentialAction":[{"@type":"SearchAction","target":{"@type":"EntryPoint","urlTemplate":"https:\/\/www.p31noticias.com.br\/?s={search_term_string}"},"query-input":{"@type":"PropertyValueSpecification","valueRequired":true,"valueName":"search_term_string"}}],"inLanguage":"pt-BR"},{"@type":"Person","@id":"https:\/\/www.p31noticias.com.br\/#\/schema\/person\/77d6b186c710ac38937c6ec204fdd387","name":"Reda\u00e7\u00e3o JBN","image":{"@type":"ImageObject","inLanguage":"pt-BR","@id":"https:\/\/secure.gravatar.com\/avatar\/10fcdb93211f98cce3d64c0795b0915a9a4a21dc0f279238995a3dbfafcad090?s=96&d=mm&r=g","url":"https:\/\/secure.gravatar.com\/avatar\/10fcdb93211f98cce3d64c0795b0915a9a4a21dc0f279238995a3dbfafcad090?s=96&d=mm&r=g","contentUrl":"https:\/\/secure.gravatar.com\/avatar\/10fcdb93211f98cce3d64c0795b0915a9a4a21dc0f279238995a3dbfafcad090?s=96&d=mm&r=g","caption":"Reda\u00e7\u00e3o JBN"},"sameAs":["https:\/\/p31noticias.com.br"],"url":"https:\/\/www.p31noticias.com.br\/?author=18"}]}},"amp_enabled":true,"_links":{"self":[{"href":"https:\/\/www.p31noticias.com.br\/index.php?rest_route=\/wp\/v2\/posts\/1805","targetHints":{"allow":["GET"]}}],"collection":[{"href":"https:\/\/www.p31noticias.com.br\/index.php?rest_route=\/wp\/v2\/posts"}],"about":[{"href":"https:\/\/www.p31noticias.com.br\/index.php?rest_route=\/wp\/v2\/types\/post"}],"author":[{"embeddable":true,"href":"https:\/\/www.p31noticias.com.br\/index.php?rest_route=\/wp\/v2\/users\/18"}],"replies":[{"embeddable":true,"href":"https:\/\/www.p31noticias.com.br\/index.php?rest_route=%2Fwp%2Fv2%2Fcomments&post=1805"}],"version-history":[{"count":0,"href":"https:\/\/www.p31noticias.com.br\/index.php?rest_route=\/wp\/v2\/posts\/1805\/revisions"}],"wp:featuredmedia":[{"embeddable":true,"href":"https:\/\/www.p31noticias.com.br\/index.php?rest_route=\/wp\/v2\/media\/1806"}],"wp:attachment":[{"href":"https:\/\/www.p31noticias.com.br\/index.php?rest_route=%2Fwp%2Fv2%2Fmedia&parent=1805"}],"wp:term":[{"taxonomy":"category","embeddable":true,"href":"https:\/\/www.p31noticias.com.br\/index.php?rest_route=%2Fwp%2Fv2%2Fcategories&post=1805"},{"taxonomy":"post_tag","embeddable":true,"href":"https:\/\/www.p31noticias.com.br\/index.php?rest_route=%2Fwp%2Fv2%2Ftags&post=1805"}],"curies":[{"name":"wp","href":"https:\/\/api.w.org\/{rel}","templated":true}]}}