{"id":17924,"date":"2019-05-03T09:50:37","date_gmt":"2019-05-03T12:50:37","guid":{"rendered":"https:\/\/www.delioandrade.com.br\/grande-manifestacao-com-o-fechamento-da-eptg\/"},"modified":"2019-05-03T09:50:37","modified_gmt":"2019-05-03T12:50:37","slug":"grande-manifestacao-com-o-fechamento-da-eptg","status":"publish","type":"post","link":"https:\/\/www.p31noticias.com.br\/?p=17924","title":{"rendered":"GRANDE MANIFESTA\u00c7\u00c3O COM O FECHAMENTO DA EPTG"},"content":{"rendered":"<p>A Manifesta\u00e7\u00e3o acontecer\u00e1 hoje, dia 03\/05 \u00e0s 18h no Viaduto Israel Pinheiro com o objetivo de solicitar que o governador decrete o *estado de calamidade em Vicente Pires*.<\/p>\n<p>\u00c9 f\u00e1cil ver que as pessoas est\u00e3o prejudicadas no setor que \u00e9 at\u00e9 motivo de piada (Buraco Pires).<\/p>\n<p>Comerciantes e moradores sofrem com a falta de infraestrutura e reclama.<\/p>\n<p>Em conversa com Hor\u00e1rio propriet\u00e1rio de uma as melhores hamburguerias da Vicente Pires que ressalta<\/p>\n<p><img loading=\"lazy\" decoding=\"async\" src=\"https:\/\/www.delioandrade.com.br\/wp-content\/uploads\/2019\/05\/whatsapp-image-2019-05-02-at-181438279909.jpeg\" class=\"wp-image-17922 alignnone size-full\" width=\"1280\" height=\"853\" srcset=\"https:\/\/www.p31noticias.com.br\/wp-content\/uploads\/2019\/05\/whatsapp-image-2019-05-02-at-181438279909.jpeg 1280w, https:\/\/www.p31noticias.com.br\/wp-content\/uploads\/2019\/05\/whatsapp-image-2019-05-02-at-181438279909-300x200.jpeg 300w, https:\/\/www.p31noticias.com.br\/wp-content\/uploads\/2019\/05\/whatsapp-image-2019-05-02-at-181438279909-1024x682.jpeg 1024w, https:\/\/www.p31noticias.com.br\/wp-content\/uploads\/2019\/05\/whatsapp-image-2019-05-02-at-181438279909-768x512.jpeg 768w, https:\/\/www.p31noticias.com.br\/wp-content\/uploads\/2019\/05\/whatsapp-image-2019-05-02-at-181438279909-696x464.jpeg 696w, https:\/\/www.p31noticias.com.br\/wp-content\/uploads\/2019\/05\/whatsapp-image-2019-05-02-at-181438279909-1068x712.jpeg 1068w, https:\/\/www.p31noticias.com.br\/wp-content\/uploads\/2019\/05\/whatsapp-image-2019-05-02-at-181438279909-630x420.jpeg 630w\" sizes=\"auto, (max-width: 1280px) 100vw, 1280px\" \/><\/p>\n<p>a indigna\u00e7\u00e3o com a lentid\u00e3o  das obras que afastarao 50% dos seus clientes, pois o acesso ao estabelecimento est\u00e1 impratic\u00e1vel.<\/p>\n<p>De acordo com a Associa\u00e7\u00e3o dos Comerciantes da Cidade as obras levaram mais de 900 empresas a fecharem as portas.<\/p>\n<p>S\u00e3o tantas as reclama\u00e7\u00f5es e indigna\u00e7\u00f5es que os moradores e empres\u00e1rios est\u00e3o organizando uma manifesta\u00e7\u00e3o para chamar aten\u00e7\u00e3o ao nosso governador.<\/p>\n<p>Vamos dar um basta! N\u00e3o aguentamos mais viver na lama, na poeira e com a incerteza que as obras ser\u00e3o conclu\u00eddas.<\/p>\n<p>*Participem, lutem por sua cidade!*<\/p>\n<p>Vicente Pires merece o melhor.<\/p>\n<p>*Concentra\u00e7\u00e3o \u00e0s 17h no estacionamento da Feira do Produtor* de Vicente Pires, \u00e0s 18h seguiremos para o Viaduto.<\/p>\n<div id=\"fb-root\"><\/div>\n<p><script async=\"1\" defer=\"1\" crossorigin=\"anonymous\" src=\"https:\/\/connect.facebook.net\/en_US\/sdk.js#xfbml=1&amp;version=v7.0\" nonce=\"7ktPQFDs\"><\/script><\/p>\n<div class=\"fb-post\" data-href=\"https:\/\/www.facebook.com\/VPemPauta\/photos\/a.235241396600271\/1111794968944905\/?type=3&amp;theater\" data-width=\"696\">\n<blockquote cite=\"https:\/\/www.facebook.com\/VPemPauta\/photos\/a.235241396600271\/1111794968944905\/?type=3\" class=\"fb-xfbml-parse-ignore\">\n<p>VICENTE PIRES VAI PARARMANIFESTA\u00c7\u00c3O AMANH\u00c3 (03\/05) A Manifesta\u00e7\u00e3o acontecer\u00e1 amanh\u00e3, dia 03\/05 \u00e0s 18h no Viaduto&#8230;<\/p>\n<p>Posted by <a href=\"https:\/\/www.facebook.com\/VPemPauta\/\">Vicente Pires em Pauta<\/a> on&nbsp;<a href=\"https:\/\/www.facebook.com\/VPemPauta\/photos\/a.235241396600271\/1111794968944905\/?type=3\">Thursday, May 2, 2019<\/a><\/p><\/blockquote>\n<\/div>\n<p>*Compartilhem no Facebook e curtam a p\u00e1gina para acompanharem as atualiza\u00e7\u00f5es*<\/p>\n","protected":false},"excerpt":{"rendered":"<p>A Manifesta\u00e7\u00e3o acontecer\u00e1 hoje, dia 03\/05 \u00e0s 18h no Viaduto Israel Pinheiro com o objetivo de solicitar que o governador decrete o *estado de calamidade em Vicente Pires*. \u00c9 f\u00e1cil ver que as pessoas est\u00e3o prejudicadas no setor que \u00e9 at\u00e9 motivo de piada (Buraco Pires). Comerciantes e moradores sofrem com a falta de infraestrutura [&hellip;]<\/p>\n","protected":false},"author":18,"featured_media":17923,"comment_status":"open","ping_status":"open","sticky":false,"template":"","format":"standard","meta":{"footnotes":""},"categories":[1],"tags":[],"class_list":{"0":"post-17924","1":"post","2":"type-post","3":"status-publish","4":"format-standard","5":"has-post-thumbnail","7":"category-outros"},"yoast_head":"<!-- This site is optimized with the Yoast SEO Premium plugin v24.5 (Yoast SEO v27.5) - https:\/\/yoast.com\/product\/yoast-seo-premium-wordpress\/ -->\n<title>GRANDE MANIFESTA\u00c7\u00c3O COM O FECHAMENTO DA EPTG - P31<\/title>\n<meta name=\"robots\" content=\"index, follow, max-snippet:-1, max-image-preview:large, max-video-preview:-1\" \/>\n<link rel=\"canonical\" href=\"https:\/\/www.p31noticias.com.br\/?p=17924\" \/>\n<meta property=\"og:locale\" content=\"pt_BR\" \/>\n<meta property=\"og:type\" content=\"article\" \/>\n<meta property=\"og:title\" content=\"GRANDE MANIFESTA\u00c7\u00c3O COM O FECHAMENTO DA EPTG\" \/>\n<meta property=\"og:description\" content=\"A Manifesta\u00e7\u00e3o acontecer\u00e1 hoje, dia 03\/05 \u00e0s 18h no Viaduto Israel Pinheiro com o objetivo de solicitar que o governador decrete o *estado de calamidade em Vicente Pires*. \u00c9 f\u00e1cil ver que as pessoas est\u00e3o prejudicadas no setor que \u00e9 at\u00e9 motivo de piada (Buraco Pires). Comerciantes e moradores sofrem com a falta de infraestrutura [&hellip;]\" \/>\n<meta property=\"og:url\" content=\"https:\/\/www.p31noticias.com.br\/?p=17924\" \/>\n<meta property=\"og:site_name\" content=\"P31\" \/>\n<meta property=\"article:published_time\" content=\"2019-05-03T12:50:37+00:00\" \/>\n<meta property=\"og:image\" content=\"https:\/\/www.p31noticias.com.br\/wp-content\/uploads\/2019\/05\/WhatsApp-Image-2019-05-02-at-18.53.32-2-1.jpeg\" \/>\n\t<meta property=\"og:image:width\" content=\"1280\" \/>\n\t<meta property=\"og:image:height\" content=\"853\" \/>\n\t<meta property=\"og:image:type\" content=\"image\/jpeg\" \/>\n<meta name=\"author\" content=\"Reda\u00e7\u00e3o JBN\" \/>\n<meta name=\"twitter:card\" content=\"summary_large_image\" \/>\n<meta name=\"twitter:label1\" content=\"Escrito por\" \/>\n\t<meta name=\"twitter:data1\" content=\"Reda\u00e7\u00e3o JBN\" \/>\n\t<meta name=\"twitter:label2\" content=\"Est. tempo de leitura\" \/>\n\t<meta name=\"twitter:data2\" content=\"1 minuto\" \/>\n<script type=\"application\/ld+json\" class=\"yoast-schema-graph\">{\"@context\":\"https:\\\/\\\/schema.org\",\"@graph\":[{\"@type\":\"Article\",\"@id\":\"https:\\\/\\\/www.p31noticias.com.br\\\/?p=17924#article\",\"isPartOf\":{\"@id\":\"https:\\\/\\\/www.p31noticias.com.br\\\/?p=17924\"},\"author\":{\"name\":\"Reda\u00e7\u00e3o JBN\",\"@id\":\"https:\\\/\\\/www.p31noticias.com.br\\\/#\\\/schema\\\/person\\\/77d6b186c710ac38937c6ec204fdd387\"},\"headline\":\"GRANDE MANIFESTA\u00c7\u00c3O COM O FECHAMENTO DA EPTG\",\"datePublished\":\"2019-05-03T12:50:37+00:00\",\"mainEntityOfPage\":{\"@id\":\"https:\\\/\\\/www.p31noticias.com.br\\\/?p=17924\"},\"wordCount\":228,\"commentCount\":0,\"image\":{\"@id\":\"https:\\\/\\\/www.p31noticias.com.br\\\/?p=17924#primaryimage\"},\"thumbnailUrl\":\"https:\\\/\\\/www.p31noticias.com.br\\\/wp-content\\\/uploads\\\/2019\\\/05\\\/WhatsApp-Image-2019-05-02-at-18.53.32-2-1.jpeg\",\"articleSection\":[\"Outros\"],\"inLanguage\":\"pt-BR\",\"potentialAction\":[{\"@type\":\"CommentAction\",\"name\":\"Comment\",\"target\":[\"https:\\\/\\\/www.p31noticias.com.br\\\/?p=17924#respond\"]}],\"copyrightYear\":\"2019\",\"copyrightHolder\":{\"@id\":\"https:\\\/\\\/www.p31noticias.com.br\\\/#organization\"}},{\"@type\":\"WebPage\",\"@id\":\"https:\\\/\\\/www.p31noticias.com.br\\\/?p=17924\",\"url\":\"https:\\\/\\\/www.p31noticias.com.br\\\/?p=17924\",\"name\":\"GRANDE MANIFESTA\u00c7\u00c3O COM O FECHAMENTO DA EPTG - P31\",\"isPartOf\":{\"@id\":\"https:\\\/\\\/www.p31noticias.com.br\\\/#website\"},\"primaryImageOfPage\":{\"@id\":\"https:\\\/\\\/www.p31noticias.com.br\\\/?p=17924#primaryimage\"},\"image\":{\"@id\":\"https:\\\/\\\/www.p31noticias.com.br\\\/?p=17924#primaryimage\"},\"thumbnailUrl\":\"https:\\\/\\\/www.p31noticias.com.br\\\/wp-content\\\/uploads\\\/2019\\\/05\\\/WhatsApp-Image-2019-05-02-at-18.53.32-2-1.jpeg\",\"datePublished\":\"2019-05-03T12:50:37+00:00\",\"author\":{\"@id\":\"https:\\\/\\\/www.p31noticias.com.br\\\/#\\\/schema\\\/person\\\/77d6b186c710ac38937c6ec204fdd387\"},\"breadcrumb\":{\"@id\":\"https:\\\/\\\/www.p31noticias.com.br\\\/?p=17924#breadcrumb\"},\"inLanguage\":\"pt-BR\",\"potentialAction\":[{\"@type\":\"ReadAction\",\"target\":[\"https:\\\/\\\/www.p31noticias.com.br\\\/?p=17924\"]}]},{\"@type\":\"ImageObject\",\"inLanguage\":\"pt-BR\",\"@id\":\"https:\\\/\\\/www.p31noticias.com.br\\\/?p=17924#primaryimage\",\"url\":\"https:\\\/\\\/www.p31noticias.com.br\\\/wp-content\\\/uploads\\\/2019\\\/05\\\/WhatsApp-Image-2019-05-02-at-18.53.32-2-1.jpeg\",\"contentUrl\":\"https:\\\/\\\/www.p31noticias.com.br\\\/wp-content\\\/uploads\\\/2019\\\/05\\\/WhatsApp-Image-2019-05-02-at-18.53.32-2-1.jpeg\",\"width\":1280,\"height\":853},{\"@type\":\"BreadcrumbList\",\"@id\":\"https:\\\/\\\/www.p31noticias.com.br\\\/?p=17924#breadcrumb\",\"itemListElement\":[{\"@type\":\"ListItem\",\"position\":1,\"name\":\"In\u00edcio\",\"item\":\"https:\\\/\\\/www.p31noticias.com.br\\\/\"},{\"@type\":\"ListItem\",\"position\":2,\"name\":\"GRANDE MANIFESTA\u00c7\u00c3O COM O FECHAMENTO DA EPTG\"}]},{\"@type\":\"WebSite\",\"@id\":\"https:\\\/\\\/www.p31noticias.com.br\\\/#website\",\"url\":\"https:\\\/\\\/www.p31noticias.com.br\\\/\",\"name\":\"P31\",\"description\":\"NOT\u00cdCIAS\",\"potentialAction\":[{\"@type\":\"SearchAction\",\"target\":{\"@type\":\"EntryPoint\",\"urlTemplate\":\"https:\\\/\\\/www.p31noticias.com.br\\\/?s={search_term_string}\"},\"query-input\":{\"@type\":\"PropertyValueSpecification\",\"valueRequired\":true,\"valueName\":\"search_term_string\"}}],\"inLanguage\":\"pt-BR\"},{\"@type\":\"Person\",\"@id\":\"https:\\\/\\\/www.p31noticias.com.br\\\/#\\\/schema\\\/person\\\/77d6b186c710ac38937c6ec204fdd387\",\"name\":\"Reda\u00e7\u00e3o JBN\",\"image\":{\"@type\":\"ImageObject\",\"inLanguage\":\"pt-BR\",\"@id\":\"https:\\\/\\\/secure.gravatar.com\\\/avatar\\\/10fcdb93211f98cce3d64c0795b0915a9a4a21dc0f279238995a3dbfafcad090?s=96&d=mm&r=g\",\"url\":\"https:\\\/\\\/secure.gravatar.com\\\/avatar\\\/10fcdb93211f98cce3d64c0795b0915a9a4a21dc0f279238995a3dbfafcad090?s=96&d=mm&r=g\",\"contentUrl\":\"https:\\\/\\\/secure.gravatar.com\\\/avatar\\\/10fcdb93211f98cce3d64c0795b0915a9a4a21dc0f279238995a3dbfafcad090?s=96&d=mm&r=g\",\"caption\":\"Reda\u00e7\u00e3o JBN\"},\"sameAs\":[\"https:\\\/\\\/p31noticias.com.br\"],\"url\":\"https:\\\/\\\/www.p31noticias.com.br\\\/?author=18\"}]}<\/script>\n<!-- \/ Yoast SEO Premium plugin. -->","yoast_head_json":{"title":"GRANDE MANIFESTA\u00c7\u00c3O COM O FECHAMENTO DA EPTG - P31","robots":{"index":"index","follow":"follow","max-snippet":"max-snippet:-1","max-image-preview":"max-image-preview:large","max-video-preview":"max-video-preview:-1"},"canonical":"https:\/\/www.p31noticias.com.br\/?p=17924","og_locale":"pt_BR","og_type":"article","og_title":"GRANDE MANIFESTA\u00c7\u00c3O COM O FECHAMENTO DA EPTG","og_description":"A Manifesta\u00e7\u00e3o acontecer\u00e1 hoje, dia 03\/05 \u00e0s 18h no Viaduto Israel Pinheiro com o objetivo de solicitar que o governador decrete o *estado de calamidade em Vicente Pires*. \u00c9 f\u00e1cil ver que as pessoas est\u00e3o prejudicadas no setor que \u00e9 at\u00e9 motivo de piada (Buraco Pires). Comerciantes e moradores sofrem com a falta de infraestrutura [&hellip;]","og_url":"https:\/\/www.p31noticias.com.br\/?p=17924","og_site_name":"P31","article_published_time":"2019-05-03T12:50:37+00:00","og_image":[{"width":1280,"height":853,"url":"https:\/\/www.p31noticias.com.br\/wp-content\/uploads\/2019\/05\/WhatsApp-Image-2019-05-02-at-18.53.32-2-1.jpeg","type":"image\/jpeg"}],"author":"Reda\u00e7\u00e3o JBN","twitter_card":"summary_large_image","twitter_misc":{"Escrito por":"Reda\u00e7\u00e3o JBN","Est. tempo de leitura":"1 minuto"},"schema":{"@context":"https:\/\/schema.org","@graph":[{"@type":"Article","@id":"https:\/\/www.p31noticias.com.br\/?p=17924#article","isPartOf":{"@id":"https:\/\/www.p31noticias.com.br\/?p=17924"},"author":{"name":"Reda\u00e7\u00e3o JBN","@id":"https:\/\/www.p31noticias.com.br\/#\/schema\/person\/77d6b186c710ac38937c6ec204fdd387"},"headline":"GRANDE MANIFESTA\u00c7\u00c3O COM O FECHAMENTO DA EPTG","datePublished":"2019-05-03T12:50:37+00:00","mainEntityOfPage":{"@id":"https:\/\/www.p31noticias.com.br\/?p=17924"},"wordCount":228,"commentCount":0,"image":{"@id":"https:\/\/www.p31noticias.com.br\/?p=17924#primaryimage"},"thumbnailUrl":"https:\/\/www.p31noticias.com.br\/wp-content\/uploads\/2019\/05\/WhatsApp-Image-2019-05-02-at-18.53.32-2-1.jpeg","articleSection":["Outros"],"inLanguage":"pt-BR","potentialAction":[{"@type":"CommentAction","name":"Comment","target":["https:\/\/www.p31noticias.com.br\/?p=17924#respond"]}],"copyrightYear":"2019","copyrightHolder":{"@id":"https:\/\/www.p31noticias.com.br\/#organization"}},{"@type":"WebPage","@id":"https:\/\/www.p31noticias.com.br\/?p=17924","url":"https:\/\/www.p31noticias.com.br\/?p=17924","name":"GRANDE MANIFESTA\u00c7\u00c3O COM O FECHAMENTO DA EPTG - P31","isPartOf":{"@id":"https:\/\/www.p31noticias.com.br\/#website"},"primaryImageOfPage":{"@id":"https:\/\/www.p31noticias.com.br\/?p=17924#primaryimage"},"image":{"@id":"https:\/\/www.p31noticias.com.br\/?p=17924#primaryimage"},"thumbnailUrl":"https:\/\/www.p31noticias.com.br\/wp-content\/uploads\/2019\/05\/WhatsApp-Image-2019-05-02-at-18.53.32-2-1.jpeg","datePublished":"2019-05-03T12:50:37+00:00","author":{"@id":"https:\/\/www.p31noticias.com.br\/#\/schema\/person\/77d6b186c710ac38937c6ec204fdd387"},"breadcrumb":{"@id":"https:\/\/www.p31noticias.com.br\/?p=17924#breadcrumb"},"inLanguage":"pt-BR","potentialAction":[{"@type":"ReadAction","target":["https:\/\/www.p31noticias.com.br\/?p=17924"]}]},{"@type":"ImageObject","inLanguage":"pt-BR","@id":"https:\/\/www.p31noticias.com.br\/?p=17924#primaryimage","url":"https:\/\/www.p31noticias.com.br\/wp-content\/uploads\/2019\/05\/WhatsApp-Image-2019-05-02-at-18.53.32-2-1.jpeg","contentUrl":"https:\/\/www.p31noticias.com.br\/wp-content\/uploads\/2019\/05\/WhatsApp-Image-2019-05-02-at-18.53.32-2-1.jpeg","width":1280,"height":853},{"@type":"BreadcrumbList","@id":"https:\/\/www.p31noticias.com.br\/?p=17924#breadcrumb","itemListElement":[{"@type":"ListItem","position":1,"name":"In\u00edcio","item":"https:\/\/www.p31noticias.com.br\/"},{"@type":"ListItem","position":2,"name":"GRANDE MANIFESTA\u00c7\u00c3O COM O FECHAMENTO DA EPTG"}]},{"@type":"WebSite","@id":"https:\/\/www.p31noticias.com.br\/#website","url":"https:\/\/www.p31noticias.com.br\/","name":"P31","description":"NOT\u00cdCIAS","potentialAction":[{"@type":"SearchAction","target":{"@type":"EntryPoint","urlTemplate":"https:\/\/www.p31noticias.com.br\/?s={search_term_string}"},"query-input":{"@type":"PropertyValueSpecification","valueRequired":true,"valueName":"search_term_string"}}],"inLanguage":"pt-BR"},{"@type":"Person","@id":"https:\/\/www.p31noticias.com.br\/#\/schema\/person\/77d6b186c710ac38937c6ec204fdd387","name":"Reda\u00e7\u00e3o JBN","image":{"@type":"ImageObject","inLanguage":"pt-BR","@id":"https:\/\/secure.gravatar.com\/avatar\/10fcdb93211f98cce3d64c0795b0915a9a4a21dc0f279238995a3dbfafcad090?s=96&d=mm&r=g","url":"https:\/\/secure.gravatar.com\/avatar\/10fcdb93211f98cce3d64c0795b0915a9a4a21dc0f279238995a3dbfafcad090?s=96&d=mm&r=g","contentUrl":"https:\/\/secure.gravatar.com\/avatar\/10fcdb93211f98cce3d64c0795b0915a9a4a21dc0f279238995a3dbfafcad090?s=96&d=mm&r=g","caption":"Reda\u00e7\u00e3o JBN"},"sameAs":["https:\/\/p31noticias.com.br"],"url":"https:\/\/www.p31noticias.com.br\/?author=18"}]}},"amp_enabled":true,"_links":{"self":[{"href":"https:\/\/www.p31noticias.com.br\/index.php?rest_route=\/wp\/v2\/posts\/17924","targetHints":{"allow":["GET"]}}],"collection":[{"href":"https:\/\/www.p31noticias.com.br\/index.php?rest_route=\/wp\/v2\/posts"}],"about":[{"href":"https:\/\/www.p31noticias.com.br\/index.php?rest_route=\/wp\/v2\/types\/post"}],"author":[{"embeddable":true,"href":"https:\/\/www.p31noticias.com.br\/index.php?rest_route=\/wp\/v2\/users\/18"}],"replies":[{"embeddable":true,"href":"https:\/\/www.p31noticias.com.br\/index.php?rest_route=%2Fwp%2Fv2%2Fcomments&post=17924"}],"version-history":[{"count":0,"href":"https:\/\/www.p31noticias.com.br\/index.php?rest_route=\/wp\/v2\/posts\/17924\/revisions"}],"wp:featuredmedia":[{"embeddable":true,"href":"https:\/\/www.p31noticias.com.br\/index.php?rest_route=\/wp\/v2\/media\/17923"}],"wp:attachment":[{"href":"https:\/\/www.p31noticias.com.br\/index.php?rest_route=%2Fwp%2Fv2%2Fmedia&parent=17924"}],"wp:term":[{"taxonomy":"category","embeddable":true,"href":"https:\/\/www.p31noticias.com.br\/index.php?rest_route=%2Fwp%2Fv2%2Fcategories&post=17924"},{"taxonomy":"post_tag","embeddable":true,"href":"https:\/\/www.p31noticias.com.br\/index.php?rest_route=%2Fwp%2Fv2%2Ftags&post=17924"}],"curies":[{"name":"wp","href":"https:\/\/api.w.org\/{rel}","templated":true}]}}