{"id":17918,"date":"2019-05-03T08:56:34","date_gmt":"2019-05-03T11:56:34","guid":{"rendered":"https:\/\/www.delioandrade.com.br\/defensoria-publica-do-df-atendimento-precario\/"},"modified":"2019-05-03T08:56:34","modified_gmt":"2019-05-03T11:56:34","slug":"defensoria-publica-do-df-atendimento-precario","status":"publish","type":"post","link":"https:\/\/www.p31noticias.com.br\/?p=17918","title":{"rendered":"Defensoria P\u00fablica do DF: Atendimento prec\u00e1rio"},"content":{"rendered":"<p>Hoje fui ver de perto o atendimento na Defensoria P\u00fablica do Distrito Federal (DPDF).Neste post quero compartilhar minha experi\u00eancia para nossos leitores.<\/p>\n<p>Saiba que para ser atendido na defensoria voc\u00ea ter\u00e1 que madrugar para pegar uma das senhas de atendimento di\u00e1rio.<\/p>\n<p>N\u00e3o esque\u00e7a que tem que residir na mesma cidade que o \u00f3rg\u00e3o.<\/p>\n<p><img decoding=\"async\" class=\"size-full\" src=\"https:\/\/www.delioandrade.com.br\/wp-content\/uploads\/2019\/05\/wp-1556884592714-2029563968.jpg\" data-wpid=\"410\" \/><\/p>\n<p>A Defensoria P\u00fablica do Distrito Federal (DPDF), torna p\u00fablico na quinta-feira (26\/04), o Guia de Encaminhamento e Atribui\u00e7\u00f5es da Rede do Distrito Federal.<\/p>\n<p>Elaborado pela Subsecretaria de Atividade Psicossocial (SUAP), o Guia tem o intuito de fornecer informa\u00e7\u00f5es b\u00e1sicas como endere\u00e7os, telefones, hor\u00e1rios de funcionamento dos \u00f3rg\u00e3os e entidades ligadas a rede de assist\u00eancia no Distrito Federal para defensores p\u00fablicos e servidores da Institui\u00e7\u00e3o. Por\u00e9m, o material poder\u00e1 ser consultado por todos que acessarem o site da Defensoria.<\/p>\n<p dir=\"ltr\" style=\"box-sizing: border-box; margin: 0px0px20px; color: #47425d;\">A Subdefensora P\u00fablica-Geral, Karla N\u00fabia de Sousa, comentou o impacto positivo do Guia no trabalho oferecido pela Defensoria:<\/p>\n<blockquote><p>\u201cTodos os defensores e servidores ter\u00e3o um material de consulta direto para conhecer a rede de servi\u00e7os. Isso vai agilizar o nosso trabalho e proporcionar um melhor atendimento aos usu\u00e1rios.\u201d<\/p><\/blockquote>\n<p>O Guia servir\u00e1 principalmente para facilitar o acesso \u00e0 rede de assist\u00eancia do DF pelos servidores da Defensoria que, durante o atendimento, precisarem encaminhar os usu\u00e1rios \u00e0 uma determinada Institui\u00e7\u00e3o ou servi\u00e7o.<\/p>\n<p dir=\"ltr\" style=\"box-sizing: border-box; margin: 0px0px20px; color: #47425d;\">O texto completo est\u00e1 dispon\u00edvel para consulta no <a style=\"box-sizing: border-box; background-color: transparent; color: #56aa3f; text-decoration: none; transition: all 0.3s ease-in-out 0s;\" href=\"https:\/\/goo.gl\/s5RjjP\" target=\"_blank\" rel=\"noopener noreferrer\" data-saferedirecturl=\"https:\/\/www.google.com\/url?hl=pt-BR&amp;q=https:\/\/goo.gl\/s5RjjP&amp;source=gmail&amp;ust=1524864955186000&amp;usg=AFQjCNGdkH0aJPZDYl9MkEwC0YKe-6zCng\">link<\/a>.<\/p>\n<p>Uma coisa importante que os contribuintes que ir\u00e1 utilizar a justi\u00e7a gratuita \u00e9 levar seu copo ou garrafinha para beber \u00e1gua.<\/p>\n<p><img loading=\"lazy\" decoding=\"async\" class=\"alignnone wp-image-17915 size-full\" src=\"https:\/\/www.delioandrade.com.br\/wp-content\/uploads\/2019\/05\/wp-1556883792555-1435727012.jpg\" width=\"3000\" height=\"1688\" \/><\/p>\n<p>A parte boa \u00e9 que voc\u00ea espera o atendimento com muito conforto. Sentado, assistindo TV e com ar-condicionado no 12, sugiro levar um agasalho.<\/p>\n<p>Os atendentes s\u00e3o prestativo e n\u00e3o tenho nada a reclamar e merecem muitos elogios e reconhecimentos, pois s\u00e3o educados e eficientes.<\/p>\n<p>Apesar das poucas senhas o sistema de atendimento na Defensoria \u00e9 muito organizado e eficiente para os que conseguiram atendimento.<\/p>\n<p>Um forte abra\u00e7o e at\u00e9 a pr\u00f3xima&#8230;<\/p>\n","protected":false},"excerpt":{"rendered":"<p>Hoje fui ver de perto o atendimento na Defensoria P\u00fablica do Distrito Federal (DPDF).Neste post quero compartilhar minha experi\u00eancia para nossos leitores. Saiba que para ser atendido na defensoria voc\u00ea ter\u00e1 que madrugar para pegar uma das senhas de atendimento di\u00e1rio. N\u00e3o esque\u00e7a que tem que residir na mesma cidade que o \u00f3rg\u00e3o. A Defensoria [&hellip;]<\/p>\n","protected":false},"author":18,"featured_media":17916,"comment_status":"open","ping_status":"open","sticky":false,"template":"","format":"standard","meta":{"footnotes":""},"categories":[1],"tags":[],"class_list":{"0":"post-17918","1":"post","2":"type-post","3":"status-publish","4":"format-standard","5":"has-post-thumbnail","7":"category-outros"},"yoast_head":"<!-- This site is optimized with the Yoast SEO Premium plugin v24.5 (Yoast SEO v27.5) - https:\/\/yoast.com\/product\/yoast-seo-premium-wordpress\/ -->\n<title>Defensoria P\u00fablica do DF: Atendimento prec\u00e1rio - P31<\/title>\n<meta name=\"robots\" content=\"index, follow, max-snippet:-1, max-image-preview:large, max-video-preview:-1\" \/>\n<link rel=\"canonical\" href=\"https:\/\/www.p31noticias.com.br\/?p=17918\" \/>\n<meta property=\"og:locale\" content=\"pt_BR\" \/>\n<meta property=\"og:type\" content=\"article\" \/>\n<meta property=\"og:title\" content=\"Defensoria P\u00fablica do DF: Atendimento prec\u00e1rio\" \/>\n<meta property=\"og:description\" content=\"Hoje fui ver de perto o atendimento na Defensoria P\u00fablica do Distrito Federal (DPDF).Neste post quero compartilhar minha experi\u00eancia para nossos leitores. Saiba que para ser atendido na defensoria voc\u00ea ter\u00e1 que madrugar para pegar uma das senhas de atendimento di\u00e1rio. N\u00e3o esque\u00e7a que tem que residir na mesma cidade que o \u00f3rg\u00e3o. A Defensoria [&hellip;]\" \/>\n<meta property=\"og:url\" content=\"https:\/\/www.p31noticias.com.br\/?p=17918\" \/>\n<meta property=\"og:site_name\" content=\"P31\" \/>\n<meta property=\"article:published_time\" content=\"2019-05-03T11:56:34+00:00\" \/>\n<meta property=\"og:image\" content=\"https:\/\/www.p31noticias.com.br\/wp-content\/uploads\/2019\/05\/wp-1556884450228-scaled.jpg\" \/>\n\t<meta property=\"og:image:width\" content=\"2560\" \/>\n\t<meta property=\"og:image:height\" content=\"1440\" \/>\n\t<meta property=\"og:image:type\" content=\"image\/jpeg\" \/>\n<meta name=\"author\" content=\"Reda\u00e7\u00e3o JBN\" \/>\n<meta name=\"twitter:card\" content=\"summary_large_image\" \/>\n<meta name=\"twitter:label1\" content=\"Escrito por\" \/>\n\t<meta name=\"twitter:data1\" content=\"Reda\u00e7\u00e3o JBN\" \/>\n\t<meta name=\"twitter:label2\" content=\"Est. tempo de leitura\" \/>\n\t<meta name=\"twitter:data2\" content=\"2 minutos\" \/>\n<script type=\"application\/ld+json\" class=\"yoast-schema-graph\">{\"@context\":\"https:\\\/\\\/schema.org\",\"@graph\":[{\"@type\":\"Article\",\"@id\":\"https:\\\/\\\/www.p31noticias.com.br\\\/?p=17918#article\",\"isPartOf\":{\"@id\":\"https:\\\/\\\/www.p31noticias.com.br\\\/?p=17918\"},\"author\":{\"name\":\"Reda\u00e7\u00e3o JBN\",\"@id\":\"https:\\\/\\\/www.p31noticias.com.br\\\/#\\\/schema\\\/person\\\/77d6b186c710ac38937c6ec204fdd387\"},\"headline\":\"Defensoria P\u00fablica do DF: Atendimento prec\u00e1rio\",\"datePublished\":\"2019-05-03T11:56:34+00:00\",\"mainEntityOfPage\":{\"@id\":\"https:\\\/\\\/www.p31noticias.com.br\\\/?p=17918\"},\"wordCount\":349,\"commentCount\":0,\"image\":{\"@id\":\"https:\\\/\\\/www.p31noticias.com.br\\\/?p=17918#primaryimage\"},\"thumbnailUrl\":\"https:\\\/\\\/www.p31noticias.com.br\\\/wp-content\\\/uploads\\\/2019\\\/05\\\/wp-1556884450228-scaled.jpg\",\"articleSection\":[\"Outros\"],\"inLanguage\":\"pt-BR\",\"potentialAction\":[{\"@type\":\"CommentAction\",\"name\":\"Comment\",\"target\":[\"https:\\\/\\\/www.p31noticias.com.br\\\/?p=17918#respond\"]}],\"copyrightYear\":\"2019\",\"copyrightHolder\":{\"@id\":\"https:\\\/\\\/www.p31noticias.com.br\\\/#organization\"}},{\"@type\":\"WebPage\",\"@id\":\"https:\\\/\\\/www.p31noticias.com.br\\\/?p=17918\",\"url\":\"https:\\\/\\\/www.p31noticias.com.br\\\/?p=17918\",\"name\":\"Defensoria P\u00fablica do DF: Atendimento prec\u00e1rio - P31\",\"isPartOf\":{\"@id\":\"https:\\\/\\\/www.p31noticias.com.br\\\/#website\"},\"primaryImageOfPage\":{\"@id\":\"https:\\\/\\\/www.p31noticias.com.br\\\/?p=17918#primaryimage\"},\"image\":{\"@id\":\"https:\\\/\\\/www.p31noticias.com.br\\\/?p=17918#primaryimage\"},\"thumbnailUrl\":\"https:\\\/\\\/www.p31noticias.com.br\\\/wp-content\\\/uploads\\\/2019\\\/05\\\/wp-1556884450228-scaled.jpg\",\"datePublished\":\"2019-05-03T11:56:34+00:00\",\"author\":{\"@id\":\"https:\\\/\\\/www.p31noticias.com.br\\\/#\\\/schema\\\/person\\\/77d6b186c710ac38937c6ec204fdd387\"},\"breadcrumb\":{\"@id\":\"https:\\\/\\\/www.p31noticias.com.br\\\/?p=17918#breadcrumb\"},\"inLanguage\":\"pt-BR\",\"potentialAction\":[{\"@type\":\"ReadAction\",\"target\":[\"https:\\\/\\\/www.p31noticias.com.br\\\/?p=17918\"]}]},{\"@type\":\"ImageObject\",\"inLanguage\":\"pt-BR\",\"@id\":\"https:\\\/\\\/www.p31noticias.com.br\\\/?p=17918#primaryimage\",\"url\":\"https:\\\/\\\/www.p31noticias.com.br\\\/wp-content\\\/uploads\\\/2019\\\/05\\\/wp-1556884450228-scaled.jpg\",\"contentUrl\":\"https:\\\/\\\/www.p31noticias.com.br\\\/wp-content\\\/uploads\\\/2019\\\/05\\\/wp-1556884450228-scaled.jpg\",\"width\":2560,\"height\":1440},{\"@type\":\"BreadcrumbList\",\"@id\":\"https:\\\/\\\/www.p31noticias.com.br\\\/?p=17918#breadcrumb\",\"itemListElement\":[{\"@type\":\"ListItem\",\"position\":1,\"name\":\"In\u00edcio\",\"item\":\"https:\\\/\\\/www.p31noticias.com.br\\\/\"},{\"@type\":\"ListItem\",\"position\":2,\"name\":\"Defensoria P\u00fablica do DF: Atendimento prec\u00e1rio\"}]},{\"@type\":\"WebSite\",\"@id\":\"https:\\\/\\\/www.p31noticias.com.br\\\/#website\",\"url\":\"https:\\\/\\\/www.p31noticias.com.br\\\/\",\"name\":\"P31\",\"description\":\"NOT\u00cdCIAS\",\"potentialAction\":[{\"@type\":\"SearchAction\",\"target\":{\"@type\":\"EntryPoint\",\"urlTemplate\":\"https:\\\/\\\/www.p31noticias.com.br\\\/?s={search_term_string}\"},\"query-input\":{\"@type\":\"PropertyValueSpecification\",\"valueRequired\":true,\"valueName\":\"search_term_string\"}}],\"inLanguage\":\"pt-BR\"},{\"@type\":\"Person\",\"@id\":\"https:\\\/\\\/www.p31noticias.com.br\\\/#\\\/schema\\\/person\\\/77d6b186c710ac38937c6ec204fdd387\",\"name\":\"Reda\u00e7\u00e3o JBN\",\"image\":{\"@type\":\"ImageObject\",\"inLanguage\":\"pt-BR\",\"@id\":\"https:\\\/\\\/secure.gravatar.com\\\/avatar\\\/10fcdb93211f98cce3d64c0795b0915a9a4a21dc0f279238995a3dbfafcad090?s=96&d=mm&r=g\",\"url\":\"https:\\\/\\\/secure.gravatar.com\\\/avatar\\\/10fcdb93211f98cce3d64c0795b0915a9a4a21dc0f279238995a3dbfafcad090?s=96&d=mm&r=g\",\"contentUrl\":\"https:\\\/\\\/secure.gravatar.com\\\/avatar\\\/10fcdb93211f98cce3d64c0795b0915a9a4a21dc0f279238995a3dbfafcad090?s=96&d=mm&r=g\",\"caption\":\"Reda\u00e7\u00e3o JBN\"},\"sameAs\":[\"https:\\\/\\\/p31noticias.com.br\"],\"url\":\"https:\\\/\\\/www.p31noticias.com.br\\\/?author=18\"}]}<\/script>\n<!-- \/ Yoast SEO Premium plugin. -->","yoast_head_json":{"title":"Defensoria P\u00fablica do DF: Atendimento prec\u00e1rio - P31","robots":{"index":"index","follow":"follow","max-snippet":"max-snippet:-1","max-image-preview":"max-image-preview:large","max-video-preview":"max-video-preview:-1"},"canonical":"https:\/\/www.p31noticias.com.br\/?p=17918","og_locale":"pt_BR","og_type":"article","og_title":"Defensoria P\u00fablica do DF: Atendimento prec\u00e1rio","og_description":"Hoje fui ver de perto o atendimento na Defensoria P\u00fablica do Distrito Federal (DPDF).Neste post quero compartilhar minha experi\u00eancia para nossos leitores. Saiba que para ser atendido na defensoria voc\u00ea ter\u00e1 que madrugar para pegar uma das senhas de atendimento di\u00e1rio. N\u00e3o esque\u00e7a que tem que residir na mesma cidade que o \u00f3rg\u00e3o. A Defensoria [&hellip;]","og_url":"https:\/\/www.p31noticias.com.br\/?p=17918","og_site_name":"P31","article_published_time":"2019-05-03T11:56:34+00:00","og_image":[{"width":2560,"height":1440,"url":"https:\/\/www.p31noticias.com.br\/wp-content\/uploads\/2019\/05\/wp-1556884450228-scaled.jpg","type":"image\/jpeg"}],"author":"Reda\u00e7\u00e3o JBN","twitter_card":"summary_large_image","twitter_misc":{"Escrito por":"Reda\u00e7\u00e3o JBN","Est. tempo de leitura":"2 minutos"},"schema":{"@context":"https:\/\/schema.org","@graph":[{"@type":"Article","@id":"https:\/\/www.p31noticias.com.br\/?p=17918#article","isPartOf":{"@id":"https:\/\/www.p31noticias.com.br\/?p=17918"},"author":{"name":"Reda\u00e7\u00e3o JBN","@id":"https:\/\/www.p31noticias.com.br\/#\/schema\/person\/77d6b186c710ac38937c6ec204fdd387"},"headline":"Defensoria P\u00fablica do DF: Atendimento prec\u00e1rio","datePublished":"2019-05-03T11:56:34+00:00","mainEntityOfPage":{"@id":"https:\/\/www.p31noticias.com.br\/?p=17918"},"wordCount":349,"commentCount":0,"image":{"@id":"https:\/\/www.p31noticias.com.br\/?p=17918#primaryimage"},"thumbnailUrl":"https:\/\/www.p31noticias.com.br\/wp-content\/uploads\/2019\/05\/wp-1556884450228-scaled.jpg","articleSection":["Outros"],"inLanguage":"pt-BR","potentialAction":[{"@type":"CommentAction","name":"Comment","target":["https:\/\/www.p31noticias.com.br\/?p=17918#respond"]}],"copyrightYear":"2019","copyrightHolder":{"@id":"https:\/\/www.p31noticias.com.br\/#organization"}},{"@type":"WebPage","@id":"https:\/\/www.p31noticias.com.br\/?p=17918","url":"https:\/\/www.p31noticias.com.br\/?p=17918","name":"Defensoria P\u00fablica do DF: Atendimento prec\u00e1rio - P31","isPartOf":{"@id":"https:\/\/www.p31noticias.com.br\/#website"},"primaryImageOfPage":{"@id":"https:\/\/www.p31noticias.com.br\/?p=17918#primaryimage"},"image":{"@id":"https:\/\/www.p31noticias.com.br\/?p=17918#primaryimage"},"thumbnailUrl":"https:\/\/www.p31noticias.com.br\/wp-content\/uploads\/2019\/05\/wp-1556884450228-scaled.jpg","datePublished":"2019-05-03T11:56:34+00:00","author":{"@id":"https:\/\/www.p31noticias.com.br\/#\/schema\/person\/77d6b186c710ac38937c6ec204fdd387"},"breadcrumb":{"@id":"https:\/\/www.p31noticias.com.br\/?p=17918#breadcrumb"},"inLanguage":"pt-BR","potentialAction":[{"@type":"ReadAction","target":["https:\/\/www.p31noticias.com.br\/?p=17918"]}]},{"@type":"ImageObject","inLanguage":"pt-BR","@id":"https:\/\/www.p31noticias.com.br\/?p=17918#primaryimage","url":"https:\/\/www.p31noticias.com.br\/wp-content\/uploads\/2019\/05\/wp-1556884450228-scaled.jpg","contentUrl":"https:\/\/www.p31noticias.com.br\/wp-content\/uploads\/2019\/05\/wp-1556884450228-scaled.jpg","width":2560,"height":1440},{"@type":"BreadcrumbList","@id":"https:\/\/www.p31noticias.com.br\/?p=17918#breadcrumb","itemListElement":[{"@type":"ListItem","position":1,"name":"In\u00edcio","item":"https:\/\/www.p31noticias.com.br\/"},{"@type":"ListItem","position":2,"name":"Defensoria P\u00fablica do DF: Atendimento prec\u00e1rio"}]},{"@type":"WebSite","@id":"https:\/\/www.p31noticias.com.br\/#website","url":"https:\/\/www.p31noticias.com.br\/","name":"P31","description":"NOT\u00cdCIAS","potentialAction":[{"@type":"SearchAction","target":{"@type":"EntryPoint","urlTemplate":"https:\/\/www.p31noticias.com.br\/?s={search_term_string}"},"query-input":{"@type":"PropertyValueSpecification","valueRequired":true,"valueName":"search_term_string"}}],"inLanguage":"pt-BR"},{"@type":"Person","@id":"https:\/\/www.p31noticias.com.br\/#\/schema\/person\/77d6b186c710ac38937c6ec204fdd387","name":"Reda\u00e7\u00e3o JBN","image":{"@type":"ImageObject","inLanguage":"pt-BR","@id":"https:\/\/secure.gravatar.com\/avatar\/10fcdb93211f98cce3d64c0795b0915a9a4a21dc0f279238995a3dbfafcad090?s=96&d=mm&r=g","url":"https:\/\/secure.gravatar.com\/avatar\/10fcdb93211f98cce3d64c0795b0915a9a4a21dc0f279238995a3dbfafcad090?s=96&d=mm&r=g","contentUrl":"https:\/\/secure.gravatar.com\/avatar\/10fcdb93211f98cce3d64c0795b0915a9a4a21dc0f279238995a3dbfafcad090?s=96&d=mm&r=g","caption":"Reda\u00e7\u00e3o JBN"},"sameAs":["https:\/\/p31noticias.com.br"],"url":"https:\/\/www.p31noticias.com.br\/?author=18"}]}},"amp_enabled":true,"_links":{"self":[{"href":"https:\/\/www.p31noticias.com.br\/index.php?rest_route=\/wp\/v2\/posts\/17918","targetHints":{"allow":["GET"]}}],"collection":[{"href":"https:\/\/www.p31noticias.com.br\/index.php?rest_route=\/wp\/v2\/posts"}],"about":[{"href":"https:\/\/www.p31noticias.com.br\/index.php?rest_route=\/wp\/v2\/types\/post"}],"author":[{"embeddable":true,"href":"https:\/\/www.p31noticias.com.br\/index.php?rest_route=\/wp\/v2\/users\/18"}],"replies":[{"embeddable":true,"href":"https:\/\/www.p31noticias.com.br\/index.php?rest_route=%2Fwp%2Fv2%2Fcomments&post=17918"}],"version-history":[{"count":0,"href":"https:\/\/www.p31noticias.com.br\/index.php?rest_route=\/wp\/v2\/posts\/17918\/revisions"}],"wp:featuredmedia":[{"embeddable":true,"href":"https:\/\/www.p31noticias.com.br\/index.php?rest_route=\/wp\/v2\/media\/17916"}],"wp:attachment":[{"href":"https:\/\/www.p31noticias.com.br\/index.php?rest_route=%2Fwp%2Fv2%2Fmedia&parent=17918"}],"wp:term":[{"taxonomy":"category","embeddable":true,"href":"https:\/\/www.p31noticias.com.br\/index.php?rest_route=%2Fwp%2Fv2%2Fcategories&post=17918"},{"taxonomy":"post_tag","embeddable":true,"href":"https:\/\/www.p31noticias.com.br\/index.php?rest_route=%2Fwp%2Fv2%2Ftags&post=17918"}],"curies":[{"name":"wp","href":"https:\/\/api.w.org\/{rel}","templated":true}]}}