{"id":1746,"date":"2019-05-02T11:10:44","date_gmt":"2019-05-02T14:10:44","guid":{"rendered":"https:\/\/juniortakamoto.com.br\/?p=1746"},"modified":"2019-05-02T11:10:44","modified_gmt":"2019-05-02T14:10:44","slug":"fim-dos-likes-teste-do-instagram-vai-esconder-curtidas","status":"publish","type":"post","link":"https:\/\/www.p31noticias.com.br\/?p=1746","title":{"rendered":"Fim dos likes? Teste do Instagram vai esconder curtidas"},"content":{"rendered":"<div class=\"row content-head non-featured \">\n<div class=\"medium-centered subtitle\">\n<h2 class=\"content-head__subtitle\">Mudan\u00e7a do Fim dos likes e teste do Instagram para esconder curtidas, tem o objetivo de tirar a press\u00e3o pelo sucesso e combater o bullying<\/h2>\n<\/div>\n<\/div>\n<div class=\"mc-article-body\">\n<article>\n<div class=\"mc-column mc-side-item__container\" data-block-type=\"ads\" data-block-id=\"0\">\n<div class=\"mc-side-item mc-side-item--right content-ads content-ads--side-ad\">\n<div id=\"banner_materia1\" class=\"tag-manager-publicidade-container tag-manager-publicidade-banner_materia1 tag-manager-publicidade-container--carregado tag-manager-publicidade-container--visivel\" data-google-query-id=\"CPWJ8KmB_eECFQFQwQodQAsImg\" data-cid=\"138223609771\" data-lid=\"4559504294\" data-boostbox-banner-identifier=\"56a50b21ff138751183d69d0-23568a84f84c9c\">\n<div id=\"google_ads_iframe_\/85042905\/edtechtudo\/softwares\/materias_4__container__\">Durante a abertura da confer\u00eancia F8 de 2019, que come\u00e7ou na \u00faltima ter\u00e7a-feira (30) , o Instagram\u00a0revelou que est\u00e1 testando uma nova forma de exibir o n\u00famero de likes de uma foto ou v\u00eddeo. Neste caso, seria poss\u00edvel esconder esses dados do p\u00fablico em geral. Os primeiros testes est\u00e3o sendo feitos com um n\u00famero restritos de usu\u00e1rios.<\/div>\n<\/div>\n<\/div>\n<\/div>\n<div class=\"wall protected-content\">\n<div class=\"mc-column content-text active-extra-styles \" data-block-type=\"unstyled\" data-block-weight=\"56\" data-block-id=\"2\">\n<p class=\"content-text__container \" data-track-category=\"Link no Texto\" data-track-links=\"\">Ao saber dessa not\u00edcia, a primeira rea\u00e7\u00e3o das pessoas foi entender que o \u201cLike\u201d acabaria, mas n\u00e3o \u00e9 isso que vai acontecer. Ferramentas de intera\u00e7\u00e3o \u00e9 a base de qualquer rede social, e o Instagram n\u00e3o \u00e9 diferente. Abaixo, tentamos explicar os aspectos que levaram a esta mudan\u00e7a e as implica\u00e7\u00f5es para o futuro da plataforma.<\/p>\n<\/div>\n<div class=\"row medium-uncollapsed content-media content-photo\" data-block-type=\"backstage-photo\" data-block-id=\"3\">\n<div class=\"mc-column content-media__container\">\n<div class=\"progressive-img can-open-lightbox\" data-min-size=\"1008x993\" data-min-size-url=\"https:\/\/s2.glbimg.com\/HCTA0npM1LO76sDq6dF-lyL3UgI=\/0x0:695x685\/1008x0\/smart\/filters:strip_icc()\/i.s3.glbimg.com\/v1\/AUTH_08fbf48bc0524877943fe86e43087e7a\/internal_photos\/bs\/2019\/5\/2\/hftItKTsmqWrOwIIdH7g\/instagram-sem-like.jpg\" data-max-size=\"1600x1576\" data-max-size-url=\"https:\/\/s2.glbimg.com\/YH0Pcs2OgROIXa9dyFEbdiG8Eh4=\/0x0:695x685\/1600x0\/smart\/filters:strip_icc()\/i.s3.glbimg.com\/v1\/AUTH_08fbf48bc0524877943fe86e43087e7a\/internal_photos\/bs\/2019\/5\/2\/hftItKTsmqWrOwIIdH7g\/instagram-sem-like.jpg\" data-media-index=\"0\">\n<div class=\"placeholder-container\"><\/div>\n<p><img decoding=\"async\" class=\"progressive-draft\" title=\"Instagram vai esconder os likes da audi\u00eancia geral \u2014 Foto: Divulga\u00e7\u00e3o\/Instagram\" src=\"data:image\/jpeg;base64,\/9j\/4AAQSkZJRgABAQAAAQABAAD\/2wBDAAMCAgMCAgMDAwMEAwMEBQgFBQQEBQoHBwYIDAoMDAsKCwsNDhIQDQ4RDgsLEBYQERMUFRUVDA8XGBYUGBIUFRT\/2wBDAQMEBAUEBQkFBQkUDQsNFBQUFBQUFBQUFBQUFBQUFBQUFBQUFBQUFBQUFBQUFBQUFBQUFBQUFBQUFBQUFBQUFBT\/wgARCAAZABkDASIAAhEBAxEB\/8QAGwAAAQQDAAAAAAAAAAAAAAAABwIEBQYAAQj\/xAAXAQEAAwAAAAAAAAAAAAAAAAADAAIE\/9oADAMBAAIQAxAAAAHoUf5WSvPxSBjlYstzLtZV3FlSw\/\/EACAQAAEEAgEFAAAAAAAAAAAAAAUCAwQGAAEWEBEXMjT\/2gAIAQEAAQUCSytldoKkQbc62EhMXyFvBR1ZaE9YEkJ5hTZbOFZC29GDjas1IIoqkTvxdjIXzSffXT\/\/xAAbEQABBQEBAAAAAAAAAAAAAAABAAIDEiEEUf\/aAAgBAwEBPwFrZCdGKTmGVKM5Laq7vV\/\/xAAfEQACAQIHAAAAAAAAAAAAAAABAgADBBITISJBUbH\/2gAIAQIBAT8BepTC7TrEuH58gtwDimWvU\/\/EADEQAAEDAwEDCAsAAAAAAAAAAAECAwQAERIhEzEzBRAUImGSofAjNDVCUXFygpGywf\/aAAgBAQAGPwLjqvfXqDdfz+KgmPacuQ4Gih1ATrbfp8b0lUzk+OmwGbTbmRTXqrXjSpzkBbLJJGXSzqewCo6W4y47kJ\/aelc2mWlqcbDhaCkBJKhr217Wc7qqTELLygnRBw3C9PSXFSMlpAtjiPGr5Pj7xXHd79N\/P+mov1j9VUfPu83\/xAAhEAACAQQCAgMAAAAAAAAAAAABESEAEDFRQaFxgZGxwf\/aAAgBAQABPyF8BFNGWFfBAooDiARLRJBD4onVcKZ5WjYTJwANfAUCkBPTk8Twwaz6qGMSCtpLB2yOZMe+qg96lso7RqiSJ7afqyOotKPws\/\/aAAwDAQACAAMAAAAQr1Z1\/8QAGxEAAgIDAQAAAAAAAAAAAAAAAREAIRAxQZH\/2gAIAQMBAT8QGlgim++QctauzuLQLuJ\/\/8QAGxEBAAEFAQAAAAAAAAAAAAAAAREAECFRwfH\/2gAIAQIBAT8QWDukdn2ljiZ0eVn6bL\/\/xAAgEAEBAAEEAQUAAAAAAAAAAAABESEAEDFBYVFx0fDx\/9oACAEBAAE\/EH+Bqmn8yW34PbRZxZuBrgTUEzlvHiIMxVhB0Li5ptUAXdsgFIUUowkNOymoHacj5HNgo6IYKpxLLjaX1eNtTv0pCXJkGAOgdaLUocAYpRACR2uLpWdLk2gKh2l\/DX3vxujF8\/Zsf\/\/Z\" alt=\"Instagram vai esconder os likes da audi\u00eancia geral \u2014 Foto: Divulga\u00e7\u00e3o\/Instagram\" \/><picture><source srcset=\"https:\/\/s2.glbimg.com\/EJWqDQ-8uxLrpz_uvvjW2OC5IO0=\/0x0:695x685\/600x0\/smart\/filters:strip_icc()\/i.s3.glbimg.com\/v1\/AUTH_08fbf48bc0524877943fe86e43087e7a\/internal_photos\/bs\/2019\/5\/2\/hftItKTsmqWrOwIIdH7g\/instagram-sem-like.jpg 1x, https:\/\/s2.glbimg.com\/WrXVs-JpcIKLEQpGnQISN1buEeY=\/0x0:695x685\/1200x0\/smart\/filters:strip_icc()\/i.s3.glbimg.com\/v1\/AUTH_08fbf48bc0524877943fe86e43087e7a\/internal_photos\/bs\/2019\/5\/2\/hftItKTsmqWrOwIIdH7g\/instagram-sem-like.jpg 2x\" media=\"(max-width: 1024px)\" data-src=\"https:\/\/s2.glbimg.com\/EJWqDQ-8uxLrpz_uvvjW2OC5IO0=\/0x0:695x685\/600x0\/smart\/filters:strip_icc()\/i.s3.glbimg.com\/v1\/AUTH_08fbf48bc0524877943fe86e43087e7a\/internal_photos\/bs\/2019\/5\/2\/hftItKTsmqWrOwIIdH7g\/instagram-sem-like.jpg 1x, https:\/\/s2.glbimg.com\/WrXVs-JpcIKLEQpGnQISN1buEeY=\/0x0:695x685\/1200x0\/smart\/filters:strip_icc()\/i.s3.glbimg.com\/v1\/AUTH_08fbf48bc0524877943fe86e43087e7a\/internal_photos\/bs\/2019\/5\/2\/hftItKTsmqWrOwIIdH7g\/instagram-sem-like.jpg 2x\" \/><source srcset=\"https:\/\/s2.glbimg.com\/I51D7yQdB1deSUGp9FkkShLK07U=\/0x0:695x685\/640x0\/smart\/filters:strip_icc()\/i.s3.glbimg.com\/v1\/AUTH_08fbf48bc0524877943fe86e43087e7a\/internal_photos\/bs\/2019\/5\/2\/hftItKTsmqWrOwIIdH7g\/instagram-sem-like.jpg 1x, https:\/\/s2.glbimg.com\/8y8vLuDBxxNJ60VtKWDq3G3o3eU=\/0x0:695x685\/1280x0\/smart\/filters:strip_icc()\/i.s3.glbimg.com\/v1\/AUTH_08fbf48bc0524877943fe86e43087e7a\/internal_photos\/bs\/2019\/5\/2\/hftItKTsmqWrOwIIdH7g\/instagram-sem-like.jpg 2x\" media=\"(max-width: 1280px)\" data-src=\"https:\/\/s2.glbimg.com\/I51D7yQdB1deSUGp9FkkShLK07U=\/0x0:695x685\/640x0\/smart\/filters:strip_icc()\/i.s3.glbimg.com\/v1\/AUTH_08fbf48bc0524877943fe86e43087e7a\/internal_photos\/bs\/2019\/5\/2\/hftItKTsmqWrOwIIdH7g\/instagram-sem-like.jpg 1x, https:\/\/s2.glbimg.com\/8y8vLuDBxxNJ60VtKWDq3G3o3eU=\/0x0:695x685\/1280x0\/smart\/filters:strip_icc()\/i.s3.glbimg.com\/v1\/AUTH_08fbf48bc0524877943fe86e43087e7a\/internal_photos\/bs\/2019\/5\/2\/hftItKTsmqWrOwIIdH7g\/instagram-sem-like.jpg 2x\" \/><source srcset=\"https:\/\/s2.glbimg.com\/sQtJaOKcth8Sjom1efXCMxcnrAw=\/0x0:695x685\/984x0\/smart\/filters:strip_icc()\/i.s3.glbimg.com\/v1\/AUTH_08fbf48bc0524877943fe86e43087e7a\/internal_photos\/bs\/2019\/5\/2\/hftItKTsmqWrOwIIdH7g\/instagram-sem-like.jpg 1x, https:\/\/s2.glbimg.com\/mE96WhE65K-X5em9fv99h32YAXU=\/0x0:695x685\/1968x0\/smart\/filters:strip_icc()\/i.s3.glbimg.com\/v1\/AUTH_08fbf48bc0524877943fe86e43087e7a\/internal_photos\/bs\/2019\/5\/2\/hftItKTsmqWrOwIIdH7g\/instagram-sem-like.jpg 2x\" media=\"(max-width: 1360px)\" data-src=\"https:\/\/s2.glbimg.com\/sQtJaOKcth8Sjom1efXCMxcnrAw=\/0x0:695x685\/984x0\/smart\/filters:strip_icc()\/i.s3.glbimg.com\/v1\/AUTH_08fbf48bc0524877943fe86e43087e7a\/internal_photos\/bs\/2019\/5\/2\/hftItKTsmqWrOwIIdH7g\/instagram-sem-like.jpg 1x, https:\/\/s2.glbimg.com\/mE96WhE65K-X5em9fv99h32YAXU=\/0x0:695x685\/1968x0\/smart\/filters:strip_icc()\/i.s3.glbimg.com\/v1\/AUTH_08fbf48bc0524877943fe86e43087e7a\/internal_photos\/bs\/2019\/5\/2\/hftItKTsmqWrOwIIdH7g\/instagram-sem-like.jpg 2x\" \/><source srcset=\"https:\/\/s2.glbimg.com\/iG5q0p91fBxjQEQe6NYTJOYhQ1M=\/0x0:695x685\/1000x0\/smart\/filters:strip_icc()\/i.s3.glbimg.com\/v1\/AUTH_08fbf48bc0524877943fe86e43087e7a\/internal_photos\/bs\/2019\/5\/2\/hftItKTsmqWrOwIIdH7g\/instagram-sem-like.jpg 1x, https:\/\/s2.glbimg.com\/0qd_BlsHLW7T5GALqtIp8PmS0YA=\/0x0:695x685\/2000x0\/smart\/filters:strip_icc()\/i.s3.glbimg.com\/v1\/AUTH_08fbf48bc0524877943fe86e43087e7a\/internal_photos\/bs\/2019\/5\/2\/hftItKTsmqWrOwIIdH7g\/instagram-sem-like.jpg 2x\" media=\"(min-width: 1361px)\" data-src=\"https:\/\/s2.glbimg.com\/iG5q0p91fBxjQEQe6NYTJOYhQ1M=\/0x0:695x685\/1000x0\/smart\/filters:strip_icc()\/i.s3.glbimg.com\/v1\/AUTH_08fbf48bc0524877943fe86e43087e7a\/internal_photos\/bs\/2019\/5\/2\/hftItKTsmqWrOwIIdH7g\/instagram-sem-like.jpg 1x, https:\/\/s2.glbimg.com\/0qd_BlsHLW7T5GALqtIp8PmS0YA=\/0x0:695x685\/2000x0\/smart\/filters:strip_icc()\/i.s3.glbimg.com\/v1\/AUTH_08fbf48bc0524877943fe86e43087e7a\/internal_photos\/bs\/2019\/5\/2\/hftItKTsmqWrOwIIdH7g\/instagram-sem-like.jpg 2x\" \/><source srcset=\"https:\/\/s2.glbimg.com\/sQtJaOKcth8Sjom1efXCMxcnrAw=\/0x0:695x685\/984x0\/smart\/filters:strip_icc()\/i.s3.glbimg.com\/v1\/AUTH_08fbf48bc0524877943fe86e43087e7a\/internal_photos\/bs\/2019\/5\/2\/hftItKTsmqWrOwIIdH7g\/instagram-sem-like.jpg\" data-src=\"https:\/\/s2.glbimg.com\/sQtJaOKcth8Sjom1efXCMxcnrAw=\/0x0:695x685\/984x0\/smart\/filters:strip_icc()\/i.s3.glbimg.com\/v1\/AUTH_08fbf48bc0524877943fe86e43087e7a\/internal_photos\/bs\/2019\/5\/2\/hftItKTsmqWrOwIIdH7g\/instagram-sem-like.jpg\" \/><img decoding=\"async\" class=\"image content-media__image progressive-loaded\" title=\"Instagram vai esconder os likes da audi\u00eancia geral \u2014 Foto: Divulga\u00e7\u00e3o\/Instagram\" src=\"https:\/\/s2.glbimg.com\/sQtJaOKcth8Sjom1efXCMxcnrAw=\/0x0:695x685\/984x0\/smart\/filters:strip_icc()\/i.s3.glbimg.com\/v1\/AUTH_08fbf48bc0524877943fe86e43087e7a\/internal_photos\/bs\/2019\/5\/2\/hftItKTsmqWrOwIIdH7g\/instagram-sem-like.jpg\" alt=\"Instagram vai esconder os likes da audi\u00eancia geral \u2014 Foto: Divulga\u00e7\u00e3o\/Instagram\" data-src=\"https:\/\/s2.glbimg.com\/sQtJaOKcth8Sjom1efXCMxcnrAw=\/0x0:695x685\/984x0\/smart\/filters:strip_icc()\/i.s3.glbimg.com\/v1\/AUTH_08fbf48bc0524877943fe86e43087e7a\/internal_photos\/bs\/2019\/5\/2\/hftItKTsmqWrOwIIdH7g\/instagram-sem-like.jpg\" \/><\/picture><\/div>\n<p class=\"content-media__description \">Instagram vai esconder os likes da audi\u00eancia geral \u2014 Foto: Divulga\u00e7\u00e3o\/Instagram<\/p>\n<\/div>\n<\/div>\n<div class=\"mc-column content-text active-extra-styles \" data-block-type=\"unstyled\" data-block-weight=\"5\" data-block-id=\"4\">\n<p class=\"content-text__container \" data-track-category=\"Link no Texto\" data-track-links=\"\"><strong>Quando a novidade estar\u00e1 dispon\u00edvel?<\/strong><\/p>\n<\/div>\n<div class=\"mc-column content-text active-extra-styles \" data-block-type=\"unstyled\" data-block-weight=\"39\" data-block-id=\"5\">\n<p class=\"content-text__container \" data-track-category=\"Link no Texto\" data-track-links=\"\">O\u00a0Facebook\u00a0ainda n\u00e3o se manifestou quanto a data para essa altera\u00e7\u00e3o entrar em vigor. No momento, os testes est\u00e3o sendo conduzidos por usu\u00e1rios selecionados no Canar\u00e1. Tamb\u00e9m n\u00e3o h\u00e1 previs\u00e3o do recurso chegar ao Brasil at\u00e9 o momento.<\/p>\n<\/div>\n<div class=\"mc-column content-text active-extra-styles \" data-block-type=\"unstyled\" data-block-weight=\"8\" data-block-id=\"6\">\n<p class=\"content-text__container \" data-track-category=\"Link no Texto\" data-track-links=\"\"><strong>Qual o objetivo real por tr\u00e1s dessa mudan\u00e7a?<\/strong><\/p>\n<\/div>\n<div class=\"mc-column content-text active-extra-styles \" data-block-type=\"unstyled\" data-block-weight=\"58\" data-block-id=\"7\">\n<p class=\"content-text__container \" data-track-category=\"Link no Texto\" data-track-links=\"\">De acordo com o The Verge, um porta-voz n\u00e3o identificado pelo site afirmou que o objetivo principal \u00e9 \u201ctirar a press\u00e3o\u201d de cima do usu\u00e1rio. O Instagram entende que a sua rede social deve ser um local para as pessoas se expressarem, e n\u00e3o um concurso de popularidade. Al\u00e9m disso, querem deixar o ambiente menos t\u00f3xico e competitivo.<\/p>\n<\/div>\n<div class=\"mc-column content-text active-extra-styles \" data-block-type=\"unstyled\" data-block-weight=\"8\" data-block-id=\"8\">\n<p class=\"content-text__container \" data-track-category=\"Link no Texto\" data-track-links=\"\"><strong>Continuarei tendo acesso ao meu n\u00famero de likes?<\/strong><\/p>\n<\/div>\n<div class=\"mc-column content-text active-extra-styles \" data-block-type=\"unstyled\" data-block-weight=\"61\" data-block-id=\"9\">\n<p class=\"content-text__container \" data-track-category=\"Link no Texto\" data-track-links=\"\">Sim, cada usu\u00e1rio saber\u00e1 exatamente quantas curtidas uma foto ou v\u00eddeo recebeu, por\u00e9m, isso n\u00e3o estar\u00e1 aberto para o p\u00fablico. Perguntado pelo site TechCrunch sobre como os influenciadores v\u00e3o lidar com esta novidade, um porta-voz do Facebook afirmou que eles estudam uma maneira de fazer o usu\u00e1rio demonstrar o seu valor digital para poss\u00edveis marcas que queiram patrocinar o seu conte\u00fado.<\/p>\n<\/div>\n<div class=\"mc-column content-text active-extra-styles \" data-block-type=\"unstyled\" data-block-weight=\"8\" data-block-id=\"11\">\n<p class=\"content-text__container \" data-track-category=\"Link no Texto\" data-track-links=\"\"><strong>Que outros recursos entrar\u00e3o em fase de testes?<\/strong><\/p>\n<\/div>\n<div class=\"mc-column content-text active-extra-styles \" data-block-type=\"unstyled\" data-block-weight=\"56\" data-block-id=\"12\">\n<p class=\"content-text__container \" data-track-category=\"Link no Texto\" data-track-links=\"\">Durante o congresso F8, Adam Mosseri, l\u00edder do Instagram, anunciou outras poss\u00edveis ferramentas da plataforma que entrar\u00e3o em testes, a maioria com o objetivo de combater o bullying na rede social de fotos. Um deles vai \u201ccutucar\u201d o usu\u00e1rio quando ele estiver escrevendo uma mensagem t\u00f3xica ou ofensiva de certa forma, antes de postar o coment\u00e1rio.<\/p>\n<\/div>\n<div class=\"mc-column content-text active-extra-styles \" data-block-type=\"unstyled\" data-block-weight=\"50\" data-block-id=\"13\">\n<p class=\"content-text__container \" data-track-category=\"Link no Texto\" data-track-links=\"\">Outra ferramenta \u00e9 o \u201cAway mode\u201d, que permite ao usu\u00e1rio encerrar todas as notifica\u00e7\u00f5es do Instagram e deixar a sua conta \u201csuspensa\u201d sem precisar deletar, ideal para momentos em que estiver passando por um \u201cper\u00edodo dif\u00edcil\u201d. Depois que conseguir superar essa fase, poder\u00e1 voltar normalmente que todo conte\u00fado estar\u00e1 l\u00e1.<\/p>\n<\/div>\n<div class=\"mc-column content-text active-extra-styles \" data-block-type=\"unstyled\" data-block-weight=\"41\" data-block-id=\"14\">\n<p class=\"content-text__container \" data-track-category=\"Link no Texto\" data-track-links=\"\">Al\u00e9m disso, novas fun\u00e7\u00f5es v\u00e3o dar mais controle para o usu\u00e1rio decidir como as pessoas em geral v\u00e3o interagir com o seu perfil. Assim, poder\u00e1 escolher quem pode enviar mensagem privada, por exemplo, ou ainda, quem pode comentar em suas postagens.<\/p>\n<\/div>\n<\/div>\n<\/article>\n<\/div>\n","protected":false},"excerpt":{"rendered":"<p>Mudan\u00e7a do Fim dos likes e teste do Instagram para esconder curtidas, tem o objetivo de tirar a press\u00e3o pelo sucesso e combater o bullying Durante a abertura da confer\u00eancia F8 de 2019, que come\u00e7ou na \u00faltima ter\u00e7a-feira (30) , o Instagram\u00a0revelou que est\u00e1 testando uma nova forma de exibir o n\u00famero de likes de [&hellip;]<\/p>\n","protected":false},"author":18,"featured_media":1747,"comment_status":"open","ping_status":"open","sticky":false,"template":"","format":"standard","meta":{"footnotes":""},"categories":[1],"tags":[28,29,30],"class_list":{"0":"post-1746","1":"post","2":"type-post","3":"status-publish","4":"format-standard","5":"has-post-thumbnail","7":"category-outros","8":"tag-instagram","9":"tag-likes","10":"tag-popularidade"},"yoast_head":"<!-- This site is optimized with the Yoast SEO Premium plugin v24.5 (Yoast SEO v27.5) - https:\/\/yoast.com\/product\/yoast-seo-premium-wordpress\/ -->\n<title>Fim dos likes? Teste do Instagram vai esconder curtidas - P31<\/title>\n<meta name=\"robots\" content=\"index, follow, max-snippet:-1, max-image-preview:large, max-video-preview:-1\" \/>\n<link rel=\"canonical\" href=\"https:\/\/www.p31noticias.com.br\/?p=1746\" \/>\n<meta property=\"og:locale\" content=\"pt_BR\" \/>\n<meta property=\"og:type\" content=\"article\" \/>\n<meta property=\"og:title\" content=\"Fim dos likes? Teste do Instagram vai esconder curtidas\" \/>\n<meta property=\"og:description\" content=\"Mudan\u00e7a do Fim dos likes e teste do Instagram para esconder curtidas, tem o objetivo de tirar a press\u00e3o pelo sucesso e combater o bullying Durante a abertura da confer\u00eancia F8 de 2019, que come\u00e7ou na \u00faltima ter\u00e7a-feira (30) , o Instagram\u00a0revelou que est\u00e1 testando uma nova forma de exibir o n\u00famero de likes de [&hellip;]\" \/>\n<meta property=\"og:url\" content=\"https:\/\/www.p31noticias.com.br\/?p=1746\" \/>\n<meta property=\"og:site_name\" content=\"P31\" \/>\n<meta property=\"article:published_time\" content=\"2019-05-02T14:10:44+00:00\" \/>\n<meta property=\"og:image\" content=\"https:\/\/www.p31noticias.com.br\/wp-content\/uploads\/2019\/05\/4-750x410-1.jpg\" \/>\n\t<meta property=\"og:image:width\" content=\"750\" \/>\n\t<meta property=\"og:image:height\" content=\"410\" \/>\n\t<meta property=\"og:image:type\" content=\"image\/jpeg\" \/>\n<meta name=\"author\" content=\"Reda\u00e7\u00e3o JBN\" \/>\n<meta name=\"twitter:card\" content=\"summary_large_image\" \/>\n<meta name=\"twitter:label1\" content=\"Escrito por\" \/>\n\t<meta name=\"twitter:data1\" content=\"Reda\u00e7\u00e3o JBN\" \/>\n\t<meta name=\"twitter:label2\" content=\"Est. tempo de leitura\" \/>\n\t<meta name=\"twitter:data2\" content=\"3 minutos\" \/>\n<script type=\"application\/ld+json\" class=\"yoast-schema-graph\">{\"@context\":\"https:\\\/\\\/schema.org\",\"@graph\":[{\"@type\":\"Article\",\"@id\":\"https:\\\/\\\/www.p31noticias.com.br\\\/?p=1746#article\",\"isPartOf\":{\"@id\":\"https:\\\/\\\/www.p31noticias.com.br\\\/?p=1746\"},\"author\":{\"name\":\"Reda\u00e7\u00e3o JBN\",\"@id\":\"https:\\\/\\\/www.p31noticias.com.br\\\/#\\\/schema\\\/person\\\/77d6b186c710ac38937c6ec204fdd387\"},\"headline\":\"Fim dos likes? Teste do Instagram vai esconder curtidas\",\"datePublished\":\"2019-05-02T14:10:44+00:00\",\"mainEntityOfPage\":{\"@id\":\"https:\\\/\\\/www.p31noticias.com.br\\\/?p=1746\"},\"wordCount\":549,\"commentCount\":0,\"image\":{\"@id\":\"https:\\\/\\\/www.p31noticias.com.br\\\/?p=1746#primaryimage\"},\"thumbnailUrl\":\"https:\\\/\\\/www.p31noticias.com.br\\\/wp-content\\\/uploads\\\/2019\\\/05\\\/4-750x410-1.jpg\",\"keywords\":[\"instagram\",\"likes\",\"popularidade\"],\"articleSection\":[\"Outros\"],\"inLanguage\":\"pt-BR\",\"potentialAction\":[{\"@type\":\"CommentAction\",\"name\":\"Comment\",\"target\":[\"https:\\\/\\\/www.p31noticias.com.br\\\/?p=1746#respond\"]}],\"copyrightYear\":\"2019\",\"copyrightHolder\":{\"@id\":\"https:\\\/\\\/www.p31noticias.com.br\\\/#organization\"}},{\"@type\":\"WebPage\",\"@id\":\"https:\\\/\\\/www.p31noticias.com.br\\\/?p=1746\",\"url\":\"https:\\\/\\\/www.p31noticias.com.br\\\/?p=1746\",\"name\":\"Fim dos likes? Teste do Instagram vai esconder curtidas - P31\",\"isPartOf\":{\"@id\":\"https:\\\/\\\/www.p31noticias.com.br\\\/#website\"},\"primaryImageOfPage\":{\"@id\":\"https:\\\/\\\/www.p31noticias.com.br\\\/?p=1746#primaryimage\"},\"image\":{\"@id\":\"https:\\\/\\\/www.p31noticias.com.br\\\/?p=1746#primaryimage\"},\"thumbnailUrl\":\"https:\\\/\\\/www.p31noticias.com.br\\\/wp-content\\\/uploads\\\/2019\\\/05\\\/4-750x410-1.jpg\",\"datePublished\":\"2019-05-02T14:10:44+00:00\",\"author\":{\"@id\":\"https:\\\/\\\/www.p31noticias.com.br\\\/#\\\/schema\\\/person\\\/77d6b186c710ac38937c6ec204fdd387\"},\"breadcrumb\":{\"@id\":\"https:\\\/\\\/www.p31noticias.com.br\\\/?p=1746#breadcrumb\"},\"inLanguage\":\"pt-BR\",\"potentialAction\":[{\"@type\":\"ReadAction\",\"target\":[\"https:\\\/\\\/www.p31noticias.com.br\\\/?p=1746\"]}]},{\"@type\":\"ImageObject\",\"inLanguage\":\"pt-BR\",\"@id\":\"https:\\\/\\\/www.p31noticias.com.br\\\/?p=1746#primaryimage\",\"url\":\"https:\\\/\\\/www.p31noticias.com.br\\\/wp-content\\\/uploads\\\/2019\\\/05\\\/4-750x410-1.jpg\",\"contentUrl\":\"https:\\\/\\\/www.p31noticias.com.br\\\/wp-content\\\/uploads\\\/2019\\\/05\\\/4-750x410-1.jpg\",\"width\":750,\"height\":410,\"caption\":\"\"},{\"@type\":\"BreadcrumbList\",\"@id\":\"https:\\\/\\\/www.p31noticias.com.br\\\/?p=1746#breadcrumb\",\"itemListElement\":[{\"@type\":\"ListItem\",\"position\":1,\"name\":\"In\u00edcio\",\"item\":\"https:\\\/\\\/www.p31noticias.com.br\\\/\"},{\"@type\":\"ListItem\",\"position\":2,\"name\":\"Fim dos likes? Teste do Instagram vai esconder curtidas\"}]},{\"@type\":\"WebSite\",\"@id\":\"https:\\\/\\\/www.p31noticias.com.br\\\/#website\",\"url\":\"https:\\\/\\\/www.p31noticias.com.br\\\/\",\"name\":\"P31\",\"description\":\"NOT\u00cdCIAS\",\"potentialAction\":[{\"@type\":\"SearchAction\",\"target\":{\"@type\":\"EntryPoint\",\"urlTemplate\":\"https:\\\/\\\/www.p31noticias.com.br\\\/?s={search_term_string}\"},\"query-input\":{\"@type\":\"PropertyValueSpecification\",\"valueRequired\":true,\"valueName\":\"search_term_string\"}}],\"inLanguage\":\"pt-BR\"},{\"@type\":\"Person\",\"@id\":\"https:\\\/\\\/www.p31noticias.com.br\\\/#\\\/schema\\\/person\\\/77d6b186c710ac38937c6ec204fdd387\",\"name\":\"Reda\u00e7\u00e3o JBN\",\"image\":{\"@type\":\"ImageObject\",\"inLanguage\":\"pt-BR\",\"@id\":\"https:\\\/\\\/secure.gravatar.com\\\/avatar\\\/10fcdb93211f98cce3d64c0795b0915a9a4a21dc0f279238995a3dbfafcad090?s=96&d=mm&r=g\",\"url\":\"https:\\\/\\\/secure.gravatar.com\\\/avatar\\\/10fcdb93211f98cce3d64c0795b0915a9a4a21dc0f279238995a3dbfafcad090?s=96&d=mm&r=g\",\"contentUrl\":\"https:\\\/\\\/secure.gravatar.com\\\/avatar\\\/10fcdb93211f98cce3d64c0795b0915a9a4a21dc0f279238995a3dbfafcad090?s=96&d=mm&r=g\",\"caption\":\"Reda\u00e7\u00e3o JBN\"},\"sameAs\":[\"https:\\\/\\\/p31noticias.com.br\"],\"url\":\"https:\\\/\\\/www.p31noticias.com.br\\\/?author=18\"}]}<\/script>\n<!-- \/ Yoast SEO Premium plugin. -->","yoast_head_json":{"title":"Fim dos likes? Teste do Instagram vai esconder curtidas - P31","robots":{"index":"index","follow":"follow","max-snippet":"max-snippet:-1","max-image-preview":"max-image-preview:large","max-video-preview":"max-video-preview:-1"},"canonical":"https:\/\/www.p31noticias.com.br\/?p=1746","og_locale":"pt_BR","og_type":"article","og_title":"Fim dos likes? Teste do Instagram vai esconder curtidas","og_description":"Mudan\u00e7a do Fim dos likes e teste do Instagram para esconder curtidas, tem o objetivo de tirar a press\u00e3o pelo sucesso e combater o bullying Durante a abertura da confer\u00eancia F8 de 2019, que come\u00e7ou na \u00faltima ter\u00e7a-feira (30) , o Instagram\u00a0revelou que est\u00e1 testando uma nova forma de exibir o n\u00famero de likes de [&hellip;]","og_url":"https:\/\/www.p31noticias.com.br\/?p=1746","og_site_name":"P31","article_published_time":"2019-05-02T14:10:44+00:00","og_image":[{"width":750,"height":410,"url":"https:\/\/www.p31noticias.com.br\/wp-content\/uploads\/2019\/05\/4-750x410-1.jpg","type":"image\/jpeg"}],"author":"Reda\u00e7\u00e3o JBN","twitter_card":"summary_large_image","twitter_misc":{"Escrito por":"Reda\u00e7\u00e3o JBN","Est. tempo de leitura":"3 minutos"},"schema":{"@context":"https:\/\/schema.org","@graph":[{"@type":"Article","@id":"https:\/\/www.p31noticias.com.br\/?p=1746#article","isPartOf":{"@id":"https:\/\/www.p31noticias.com.br\/?p=1746"},"author":{"name":"Reda\u00e7\u00e3o JBN","@id":"https:\/\/www.p31noticias.com.br\/#\/schema\/person\/77d6b186c710ac38937c6ec204fdd387"},"headline":"Fim dos likes? Teste do Instagram vai esconder curtidas","datePublished":"2019-05-02T14:10:44+00:00","mainEntityOfPage":{"@id":"https:\/\/www.p31noticias.com.br\/?p=1746"},"wordCount":549,"commentCount":0,"image":{"@id":"https:\/\/www.p31noticias.com.br\/?p=1746#primaryimage"},"thumbnailUrl":"https:\/\/www.p31noticias.com.br\/wp-content\/uploads\/2019\/05\/4-750x410-1.jpg","keywords":["instagram","likes","popularidade"],"articleSection":["Outros"],"inLanguage":"pt-BR","potentialAction":[{"@type":"CommentAction","name":"Comment","target":["https:\/\/www.p31noticias.com.br\/?p=1746#respond"]}],"copyrightYear":"2019","copyrightHolder":{"@id":"https:\/\/www.p31noticias.com.br\/#organization"}},{"@type":"WebPage","@id":"https:\/\/www.p31noticias.com.br\/?p=1746","url":"https:\/\/www.p31noticias.com.br\/?p=1746","name":"Fim dos likes? Teste do Instagram vai esconder curtidas - P31","isPartOf":{"@id":"https:\/\/www.p31noticias.com.br\/#website"},"primaryImageOfPage":{"@id":"https:\/\/www.p31noticias.com.br\/?p=1746#primaryimage"},"image":{"@id":"https:\/\/www.p31noticias.com.br\/?p=1746#primaryimage"},"thumbnailUrl":"https:\/\/www.p31noticias.com.br\/wp-content\/uploads\/2019\/05\/4-750x410-1.jpg","datePublished":"2019-05-02T14:10:44+00:00","author":{"@id":"https:\/\/www.p31noticias.com.br\/#\/schema\/person\/77d6b186c710ac38937c6ec204fdd387"},"breadcrumb":{"@id":"https:\/\/www.p31noticias.com.br\/?p=1746#breadcrumb"},"inLanguage":"pt-BR","potentialAction":[{"@type":"ReadAction","target":["https:\/\/www.p31noticias.com.br\/?p=1746"]}]},{"@type":"ImageObject","inLanguage":"pt-BR","@id":"https:\/\/www.p31noticias.com.br\/?p=1746#primaryimage","url":"https:\/\/www.p31noticias.com.br\/wp-content\/uploads\/2019\/05\/4-750x410-1.jpg","contentUrl":"https:\/\/www.p31noticias.com.br\/wp-content\/uploads\/2019\/05\/4-750x410-1.jpg","width":750,"height":410,"caption":""},{"@type":"BreadcrumbList","@id":"https:\/\/www.p31noticias.com.br\/?p=1746#breadcrumb","itemListElement":[{"@type":"ListItem","position":1,"name":"In\u00edcio","item":"https:\/\/www.p31noticias.com.br\/"},{"@type":"ListItem","position":2,"name":"Fim dos likes? Teste do Instagram vai esconder curtidas"}]},{"@type":"WebSite","@id":"https:\/\/www.p31noticias.com.br\/#website","url":"https:\/\/www.p31noticias.com.br\/","name":"P31","description":"NOT\u00cdCIAS","potentialAction":[{"@type":"SearchAction","target":{"@type":"EntryPoint","urlTemplate":"https:\/\/www.p31noticias.com.br\/?s={search_term_string}"},"query-input":{"@type":"PropertyValueSpecification","valueRequired":true,"valueName":"search_term_string"}}],"inLanguage":"pt-BR"},{"@type":"Person","@id":"https:\/\/www.p31noticias.com.br\/#\/schema\/person\/77d6b186c710ac38937c6ec204fdd387","name":"Reda\u00e7\u00e3o JBN","image":{"@type":"ImageObject","inLanguage":"pt-BR","@id":"https:\/\/secure.gravatar.com\/avatar\/10fcdb93211f98cce3d64c0795b0915a9a4a21dc0f279238995a3dbfafcad090?s=96&d=mm&r=g","url":"https:\/\/secure.gravatar.com\/avatar\/10fcdb93211f98cce3d64c0795b0915a9a4a21dc0f279238995a3dbfafcad090?s=96&d=mm&r=g","contentUrl":"https:\/\/secure.gravatar.com\/avatar\/10fcdb93211f98cce3d64c0795b0915a9a4a21dc0f279238995a3dbfafcad090?s=96&d=mm&r=g","caption":"Reda\u00e7\u00e3o JBN"},"sameAs":["https:\/\/p31noticias.com.br"],"url":"https:\/\/www.p31noticias.com.br\/?author=18"}]}},"amp_enabled":true,"_links":{"self":[{"href":"https:\/\/www.p31noticias.com.br\/index.php?rest_route=\/wp\/v2\/posts\/1746","targetHints":{"allow":["GET"]}}],"collection":[{"href":"https:\/\/www.p31noticias.com.br\/index.php?rest_route=\/wp\/v2\/posts"}],"about":[{"href":"https:\/\/www.p31noticias.com.br\/index.php?rest_route=\/wp\/v2\/types\/post"}],"author":[{"embeddable":true,"href":"https:\/\/www.p31noticias.com.br\/index.php?rest_route=\/wp\/v2\/users\/18"}],"replies":[{"embeddable":true,"href":"https:\/\/www.p31noticias.com.br\/index.php?rest_route=%2Fwp%2Fv2%2Fcomments&post=1746"}],"version-history":[{"count":0,"href":"https:\/\/www.p31noticias.com.br\/index.php?rest_route=\/wp\/v2\/posts\/1746\/revisions"}],"wp:featuredmedia":[{"embeddable":true,"href":"https:\/\/www.p31noticias.com.br\/index.php?rest_route=\/wp\/v2\/media\/1747"}],"wp:attachment":[{"href":"https:\/\/www.p31noticias.com.br\/index.php?rest_route=%2Fwp%2Fv2%2Fmedia&parent=1746"}],"wp:term":[{"taxonomy":"category","embeddable":true,"href":"https:\/\/www.p31noticias.com.br\/index.php?rest_route=%2Fwp%2Fv2%2Fcategories&post=1746"},{"taxonomy":"post_tag","embeddable":true,"href":"https:\/\/www.p31noticias.com.br\/index.php?rest_route=%2Fwp%2Fv2%2Ftags&post=1746"}],"curies":[{"name":"wp","href":"https:\/\/api.w.org\/{rel}","templated":true}]}}