{"id":1742,"date":"2019-05-02T09:05:36","date_gmt":"2019-05-02T12:05:36","guid":{"rendered":"https:\/\/juniortakamoto.com.br\/?p=1742"},"modified":"2019-05-02T09:05:36","modified_gmt":"2019-05-02T12:05:36","slug":"837-aprovam-gestao-compartilhada-das-escolas-com-a-pmdf","status":"publish","type":"post","link":"https:\/\/www.p31noticias.com.br\/?p=1742","title":{"rendered":"83,7% aprovam gest\u00e3o compartilhada das escolas com a PMDF"},"content":{"rendered":"<p>\t\t\t\tEm avalia\u00e7\u00e3o realizada pelo instituto Paran\u00e1, a maioria da popula\u00e7\u00e3o disse ser favor\u00e1vel ao modelo adotado em quatro col\u00e9gios este ano.<\/p>\n<p>O modelo de gest\u00e3o compartilhada com a Pol\u00edcia Militar, adotado\u00a0em quatros escolas do Distrito Federal\u00a0desde fevereiro de 2019, \u00e9 aprovado por 83,7% dos brasilienses. Dos entrevistados, 13,2% disseram desaprovar a gest\u00e3o da PM nas institui\u00e7\u00f5es p\u00fablicas de ensino e 3,1% n\u00e3o opinaram. As conclus\u00f5es\u00a0s\u00e3o de\u00a0pesquisa do\u00a0Instituto Paran\u00e1 divulgada nesta quarta-feira (01\/05\/2019).<\/p>\n<p>Os dados referentes \u00e0 gest\u00e3o compartilhada s\u00e3o os que mais chamaram aten\u00e7\u00e3o na sondagem, por apresentarem a maior diferen\u00e7a entre favor\u00e1veis e contr\u00e1rios \u00e0 iniciativa. O instituto ainda questionou os entrevistados sobre o Passe Livre Estudantil, qual deveria ser a principal prioridade do governador Ibaneis Rocha (MDB) e qual a avalia\u00e7\u00e3o da atual<\/p>\n<p>De acordo com o instituto, 43,4% dos entrevistados aprovam a gest\u00e3o do emedebista;\u00a0enquanto 50,6% a desaprovam. Outros 6% n\u00e3o souberam responder.<\/p>\n<p>Quando foi pedido que os brasilienses avaliassem a administra\u00e7\u00e3o do governador, 3,4% a consideraram \u00f3tima; 20,8%, boa; 35,5%, regular; 17,8%, ruim; 20,4%, p\u00e9ssima e 2,2% n\u00e3o opinaram.<\/p>\n<p>O levantamento ainda mostra que 66,9% dos\u00a0entrevistados acreditam que\u00a0a principal prioridade\u00a0do GDF deve ser a sa\u00fade p\u00fablica.<\/p>\n<p>O segundo ponto mais votado no ranking \u00e9 a seguran\u00e7a p\u00fablica, com 9,4%. A educa\u00e7\u00e3o vem em terceiro na lista de prioridades entre as oito \u00e1reas citadas, com 7,5% dos apontamentos.<\/p>\n<p><strong>Passe Livre<br \/>\n<\/strong>Com a abordagem de pol\u00edticas p\u00fablicas, a pesquisa ainda questionou os brasilienses sobre o que pensam das mudan\u00e7as previstas\u00a0no Passe Livre Estudantil.<\/p>\n<p>O Executivo encaminhou \u00e0 C\u00e2mara Legislativa uma proposta de reformula\u00e7\u00e3o e restri\u00e7\u00e3o do benef\u00edcio.\u00a0Inicialmente, o governo chegou a pedir a extin\u00e7\u00e3o da gratuidade,\u00a0mas, diante da press\u00e3o popular, recuou e agora trabalha para limitar o grupo de beneficiados.<\/p>\n<p>Na avalia\u00e7\u00e3o da Paran\u00e1 Pesquisas, 50,1% dos entrevistados concordam com a concess\u00e3o\u00a0do benef\u00edcio apenas para alunos da rede p\u00fablica de ensino. Outros 46,7% discordam e 3,2% n\u00e3o opinaram.<\/p>\n<p>A maior parcela dos que discordam tem entre 16 e 24 anos, com 58,1%. Nessa faixa et\u00e1ria, 39,7% \u00e9 a favor da limita\u00e7\u00e3o. Os que mais aprovam, 56,4%, t\u00eam 60 anos ou mais.<\/p>\n<p>O\u00a0Paran\u00e1 Pesquisas\u00a0entrevistou 1.542 pessoas de 16 anos ou mais, entre os dias 22\u00a0e 26 de abril. A avalia\u00e7\u00e3o est\u00e1 registrada no Conselho Regional de Estat\u00edstica das 1\u00aa, 2\u00aa, 3\u00aa, 4\u00aa, 5\u00aa, 6\u00aa e 7\u00aa regi\u00f5es com o n\u00famero 3122\/19. A margem de erro \u00e9 de 2,5\u00a0pontos percentuais.\t\t<\/p>\n","protected":false},"excerpt":{"rendered":"<p>Em avalia\u00e7\u00e3o realizada pelo instituto Paran\u00e1, a maioria da popula\u00e7\u00e3o disse ser favor\u00e1vel ao modelo adotado em quatro col\u00e9gios este ano. O modelo de gest\u00e3o compartilhada com a Pol\u00edcia Militar, adotado\u00a0em quatros escolas do Distrito Federal\u00a0desde fevereiro de 2019, \u00e9 aprovado por 83,7% dos brasilienses. Dos entrevistados, 13,2% disseram desaprovar a gest\u00e3o da PM nas [&hellip;]<\/p>\n","protected":false},"author":18,"featured_media":1616,"comment_status":"open","ping_status":"open","sticky":false,"template":"","format":"standard","meta":{"footnotes":""},"categories":[21],"tags":[25,23,24],"class_list":{"0":"post-1742","1":"post","2":"type-post","3":"status-publish","4":"format-standard","5":"has-post-thumbnail","7":"category-brasilia","8":"tag-escolas","9":"tag-ibaneis-rocha","10":"tag-pmdf"},"yoast_head":"<!-- This site is optimized with the Yoast SEO Premium plugin v24.5 (Yoast SEO v27.4) - https:\/\/yoast.com\/product\/yoast-seo-premium-wordpress\/ -->\n<title>83,7% aprovam gest\u00e3o compartilhada das escolas com a PMDF - P31<\/title>\n<meta name=\"robots\" content=\"index, follow, max-snippet:-1, max-image-preview:large, max-video-preview:-1\" \/>\n<link rel=\"canonical\" href=\"https:\/\/www.p31noticias.com.br\/?p=1742\" \/>\n<meta property=\"og:locale\" content=\"pt_BR\" \/>\n<meta property=\"og:type\" content=\"article\" \/>\n<meta property=\"og:title\" content=\"83,7% aprovam gest\u00e3o compartilhada das escolas com a PMDF\" \/>\n<meta property=\"og:description\" content=\"Em avalia\u00e7\u00e3o realizada pelo instituto Paran\u00e1, a maioria da popula\u00e7\u00e3o disse ser favor\u00e1vel ao modelo adotado em quatro col\u00e9gios este ano. O modelo de gest\u00e3o compartilhada com a Pol\u00edcia Militar, adotado\u00a0em quatros escolas do Distrito Federal\u00a0desde fevereiro de 2019, \u00e9 aprovado por 83,7% dos brasilienses. Dos entrevistados, 13,2% disseram desaprovar a gest\u00e3o da PM nas [&hellip;]\" \/>\n<meta property=\"og:url\" content=\"https:\/\/www.p31noticias.com.br\/?p=1742\" \/>\n<meta property=\"og:site_name\" content=\"P31\" \/>\n<meta property=\"article:published_time\" content=\"2019-05-02T12:05:36+00:00\" \/>\n<meta name=\"author\" content=\"Reda\u00e7\u00e3o JBN\" \/>\n<meta name=\"twitter:card\" content=\"summary_large_image\" \/>\n<meta name=\"twitter:label1\" content=\"Escrito por\" \/>\n\t<meta name=\"twitter:data1\" content=\"Reda\u00e7\u00e3o JBN\" \/>\n\t<meta name=\"twitter:label2\" content=\"Est. tempo de leitura\" \/>\n\t<meta name=\"twitter:data2\" content=\"2 minutos\" \/>\n<script type=\"application\/ld+json\" class=\"yoast-schema-graph\">{\"@context\":\"https:\\\/\\\/schema.org\",\"@graph\":[{\"@type\":\"Article\",\"@id\":\"https:\\\/\\\/www.p31noticias.com.br\\\/?p=1742#article\",\"isPartOf\":{\"@id\":\"https:\\\/\\\/www.p31noticias.com.br\\\/?p=1742\"},\"author\":{\"name\":\"Reda\u00e7\u00e3o JBN\",\"@id\":\"https:\\\/\\\/www.p31noticias.com.br\\\/#\\\/schema\\\/person\\\/77d6b186c710ac38937c6ec204fdd387\"},\"headline\":\"83,7% aprovam gest\u00e3o compartilhada das escolas com a PMDF\",\"datePublished\":\"2019-05-02T12:05:36+00:00\",\"mainEntityOfPage\":{\"@id\":\"https:\\\/\\\/www.p31noticias.com.br\\\/?p=1742\"},\"wordCount\":420,\"commentCount\":0,\"image\":{\"@id\":\"https:\\\/\\\/www.p31noticias.com.br\\\/?p=1742#primaryimage\"},\"thumbnailUrl\":\"\",\"keywords\":[\"escolas\",\"Ibaneis Rocha\",\"PMDF\"],\"articleSection\":[\"Bras\u00edlia\"],\"inLanguage\":\"pt-BR\",\"potentialAction\":[{\"@type\":\"CommentAction\",\"name\":\"Comment\",\"target\":[\"https:\\\/\\\/www.p31noticias.com.br\\\/?p=1742#respond\"]}],\"copyrightYear\":\"2019\",\"copyrightHolder\":{\"@id\":\"https:\\\/\\\/www.p31noticias.com.br\\\/#organization\"}},{\"@type\":\"WebPage\",\"@id\":\"https:\\\/\\\/www.p31noticias.com.br\\\/?p=1742\",\"url\":\"https:\\\/\\\/www.p31noticias.com.br\\\/?p=1742\",\"name\":\"83,7% aprovam gest\u00e3o compartilhada das escolas com a PMDF - P31\",\"isPartOf\":{\"@id\":\"https:\\\/\\\/www.p31noticias.com.br\\\/#website\"},\"primaryImageOfPage\":{\"@id\":\"https:\\\/\\\/www.p31noticias.com.br\\\/?p=1742#primaryimage\"},\"image\":{\"@id\":\"https:\\\/\\\/www.p31noticias.com.br\\\/?p=1742#primaryimage\"},\"thumbnailUrl\":\"\",\"datePublished\":\"2019-05-02T12:05:36+00:00\",\"author\":{\"@id\":\"https:\\\/\\\/www.p31noticias.com.br\\\/#\\\/schema\\\/person\\\/77d6b186c710ac38937c6ec204fdd387\"},\"breadcrumb\":{\"@id\":\"https:\\\/\\\/www.p31noticias.com.br\\\/?p=1742#breadcrumb\"},\"inLanguage\":\"pt-BR\",\"potentialAction\":[{\"@type\":\"ReadAction\",\"target\":[\"https:\\\/\\\/www.p31noticias.com.br\\\/?p=1742\"]}]},{\"@type\":\"ImageObject\",\"inLanguage\":\"pt-BR\",\"@id\":\"https:\\\/\\\/www.p31noticias.com.br\\\/?p=1742#primaryimage\",\"url\":\"\",\"contentUrl\":\"\"},{\"@type\":\"BreadcrumbList\",\"@id\":\"https:\\\/\\\/www.p31noticias.com.br\\\/?p=1742#breadcrumb\",\"itemListElement\":[{\"@type\":\"ListItem\",\"position\":1,\"name\":\"In\u00edcio\",\"item\":\"https:\\\/\\\/www.p31noticias.com.br\\\/\"},{\"@type\":\"ListItem\",\"position\":2,\"name\":\"83,7% aprovam gest\u00e3o compartilhada das escolas com a PMDF\"}]},{\"@type\":\"WebSite\",\"@id\":\"https:\\\/\\\/www.p31noticias.com.br\\\/#website\",\"url\":\"https:\\\/\\\/www.p31noticias.com.br\\\/\",\"name\":\"P31\",\"description\":\"NOT\u00cdCIAS\",\"potentialAction\":[{\"@type\":\"SearchAction\",\"target\":{\"@type\":\"EntryPoint\",\"urlTemplate\":\"https:\\\/\\\/www.p31noticias.com.br\\\/?s={search_term_string}\"},\"query-input\":{\"@type\":\"PropertyValueSpecification\",\"valueRequired\":true,\"valueName\":\"search_term_string\"}}],\"inLanguage\":\"pt-BR\"},{\"@type\":\"Person\",\"@id\":\"https:\\\/\\\/www.p31noticias.com.br\\\/#\\\/schema\\\/person\\\/77d6b186c710ac38937c6ec204fdd387\",\"name\":\"Reda\u00e7\u00e3o JBN\",\"image\":{\"@type\":\"ImageObject\",\"inLanguage\":\"pt-BR\",\"@id\":\"https:\\\/\\\/secure.gravatar.com\\\/avatar\\\/10fcdb93211f98cce3d64c0795b0915a9a4a21dc0f279238995a3dbfafcad090?s=96&d=mm&r=g\",\"url\":\"https:\\\/\\\/secure.gravatar.com\\\/avatar\\\/10fcdb93211f98cce3d64c0795b0915a9a4a21dc0f279238995a3dbfafcad090?s=96&d=mm&r=g\",\"contentUrl\":\"https:\\\/\\\/secure.gravatar.com\\\/avatar\\\/10fcdb93211f98cce3d64c0795b0915a9a4a21dc0f279238995a3dbfafcad090?s=96&d=mm&r=g\",\"caption\":\"Reda\u00e7\u00e3o JBN\"},\"sameAs\":[\"https:\\\/\\\/p31noticias.com.br\"],\"url\":\"https:\\\/\\\/www.p31noticias.com.br\\\/?author=18\"}]}<\/script>\n<!-- \/ Yoast SEO Premium plugin. -->","yoast_head_json":{"title":"83,7% aprovam gest\u00e3o compartilhada das escolas com a PMDF - P31","robots":{"index":"index","follow":"follow","max-snippet":"max-snippet:-1","max-image-preview":"max-image-preview:large","max-video-preview":"max-video-preview:-1"},"canonical":"https:\/\/www.p31noticias.com.br\/?p=1742","og_locale":"pt_BR","og_type":"article","og_title":"83,7% aprovam gest\u00e3o compartilhada das escolas com a PMDF","og_description":"Em avalia\u00e7\u00e3o realizada pelo instituto Paran\u00e1, a maioria da popula\u00e7\u00e3o disse ser favor\u00e1vel ao modelo adotado em quatro col\u00e9gios este ano. O modelo de gest\u00e3o compartilhada com a Pol\u00edcia Militar, adotado\u00a0em quatros escolas do Distrito Federal\u00a0desde fevereiro de 2019, \u00e9 aprovado por 83,7% dos brasilienses. Dos entrevistados, 13,2% disseram desaprovar a gest\u00e3o da PM nas [&hellip;]","og_url":"https:\/\/www.p31noticias.com.br\/?p=1742","og_site_name":"P31","article_published_time":"2019-05-02T12:05:36+00:00","author":"Reda\u00e7\u00e3o JBN","twitter_card":"summary_large_image","twitter_misc":{"Escrito por":"Reda\u00e7\u00e3o JBN","Est. tempo de leitura":"2 minutos"},"schema":{"@context":"https:\/\/schema.org","@graph":[{"@type":"Article","@id":"https:\/\/www.p31noticias.com.br\/?p=1742#article","isPartOf":{"@id":"https:\/\/www.p31noticias.com.br\/?p=1742"},"author":{"name":"Reda\u00e7\u00e3o JBN","@id":"https:\/\/www.p31noticias.com.br\/#\/schema\/person\/77d6b186c710ac38937c6ec204fdd387"},"headline":"83,7% aprovam gest\u00e3o compartilhada das escolas com a PMDF","datePublished":"2019-05-02T12:05:36+00:00","mainEntityOfPage":{"@id":"https:\/\/www.p31noticias.com.br\/?p=1742"},"wordCount":420,"commentCount":0,"image":{"@id":"https:\/\/www.p31noticias.com.br\/?p=1742#primaryimage"},"thumbnailUrl":"","keywords":["escolas","Ibaneis Rocha","PMDF"],"articleSection":["Bras\u00edlia"],"inLanguage":"pt-BR","potentialAction":[{"@type":"CommentAction","name":"Comment","target":["https:\/\/www.p31noticias.com.br\/?p=1742#respond"]}],"copyrightYear":"2019","copyrightHolder":{"@id":"https:\/\/www.p31noticias.com.br\/#organization"}},{"@type":"WebPage","@id":"https:\/\/www.p31noticias.com.br\/?p=1742","url":"https:\/\/www.p31noticias.com.br\/?p=1742","name":"83,7% aprovam gest\u00e3o compartilhada das escolas com a PMDF - P31","isPartOf":{"@id":"https:\/\/www.p31noticias.com.br\/#website"},"primaryImageOfPage":{"@id":"https:\/\/www.p31noticias.com.br\/?p=1742#primaryimage"},"image":{"@id":"https:\/\/www.p31noticias.com.br\/?p=1742#primaryimage"},"thumbnailUrl":"","datePublished":"2019-05-02T12:05:36+00:00","author":{"@id":"https:\/\/www.p31noticias.com.br\/#\/schema\/person\/77d6b186c710ac38937c6ec204fdd387"},"breadcrumb":{"@id":"https:\/\/www.p31noticias.com.br\/?p=1742#breadcrumb"},"inLanguage":"pt-BR","potentialAction":[{"@type":"ReadAction","target":["https:\/\/www.p31noticias.com.br\/?p=1742"]}]},{"@type":"ImageObject","inLanguage":"pt-BR","@id":"https:\/\/www.p31noticias.com.br\/?p=1742#primaryimage","url":"","contentUrl":""},{"@type":"BreadcrumbList","@id":"https:\/\/www.p31noticias.com.br\/?p=1742#breadcrumb","itemListElement":[{"@type":"ListItem","position":1,"name":"In\u00edcio","item":"https:\/\/www.p31noticias.com.br\/"},{"@type":"ListItem","position":2,"name":"83,7% aprovam gest\u00e3o compartilhada das escolas com a PMDF"}]},{"@type":"WebSite","@id":"https:\/\/www.p31noticias.com.br\/#website","url":"https:\/\/www.p31noticias.com.br\/","name":"P31","description":"NOT\u00cdCIAS","potentialAction":[{"@type":"SearchAction","target":{"@type":"EntryPoint","urlTemplate":"https:\/\/www.p31noticias.com.br\/?s={search_term_string}"},"query-input":{"@type":"PropertyValueSpecification","valueRequired":true,"valueName":"search_term_string"}}],"inLanguage":"pt-BR"},{"@type":"Person","@id":"https:\/\/www.p31noticias.com.br\/#\/schema\/person\/77d6b186c710ac38937c6ec204fdd387","name":"Reda\u00e7\u00e3o JBN","image":{"@type":"ImageObject","inLanguage":"pt-BR","@id":"https:\/\/secure.gravatar.com\/avatar\/10fcdb93211f98cce3d64c0795b0915a9a4a21dc0f279238995a3dbfafcad090?s=96&d=mm&r=g","url":"https:\/\/secure.gravatar.com\/avatar\/10fcdb93211f98cce3d64c0795b0915a9a4a21dc0f279238995a3dbfafcad090?s=96&d=mm&r=g","contentUrl":"https:\/\/secure.gravatar.com\/avatar\/10fcdb93211f98cce3d64c0795b0915a9a4a21dc0f279238995a3dbfafcad090?s=96&d=mm&r=g","caption":"Reda\u00e7\u00e3o JBN"},"sameAs":["https:\/\/p31noticias.com.br"],"url":"https:\/\/www.p31noticias.com.br\/?author=18"}]}},"amp_enabled":true,"_links":{"self":[{"href":"https:\/\/www.p31noticias.com.br\/index.php?rest_route=\/wp\/v2\/posts\/1742","targetHints":{"allow":["GET"]}}],"collection":[{"href":"https:\/\/www.p31noticias.com.br\/index.php?rest_route=\/wp\/v2\/posts"}],"about":[{"href":"https:\/\/www.p31noticias.com.br\/index.php?rest_route=\/wp\/v2\/types\/post"}],"author":[{"embeddable":true,"href":"https:\/\/www.p31noticias.com.br\/index.php?rest_route=\/wp\/v2\/users\/18"}],"replies":[{"embeddable":true,"href":"https:\/\/www.p31noticias.com.br\/index.php?rest_route=%2Fwp%2Fv2%2Fcomments&post=1742"}],"version-history":[{"count":0,"href":"https:\/\/www.p31noticias.com.br\/index.php?rest_route=\/wp\/v2\/posts\/1742\/revisions"}],"wp:featuredmedia":[{"embeddable":true,"href":"https:\/\/www.p31noticias.com.br\/index.php?rest_route=\/"}],"wp:attachment":[{"href":"https:\/\/www.p31noticias.com.br\/index.php?rest_route=%2Fwp%2Fv2%2Fmedia&parent=1742"}],"wp:term":[{"taxonomy":"category","embeddable":true,"href":"https:\/\/www.p31noticias.com.br\/index.php?rest_route=%2Fwp%2Fv2%2Fcategories&post=1742"},{"taxonomy":"post_tag","embeddable":true,"href":"https:\/\/www.p31noticias.com.br\/index.php?rest_route=%2Fwp%2Fv2%2Ftags&post=1742"}],"curies":[{"name":"wp","href":"https:\/\/api.w.org\/{rel}","templated":true}]}}